{"id":4870,"date":"2020-12-24T19:37:00","date_gmt":"2020-12-24T18:37:00","guid":{"rendered":""},"modified":"2024-11-12T13:06:48","modified_gmt":"2024-11-12T12:06:48","slug":"nadal-2020-en-ribadeo-belens-1","status":"publish","type":"post","link":"https:\/\/blogs.amarinha.gal\/ribadeando\/2020\/12\/24\/nadal-2020-en-ribadeo-belens-1\/","title":{"rendered":"Nadal 2020 en Ribadeo: Bel\u00e9ns (1)"},"content":{"rendered":"<p>&nbsp;&nbsp; O Bel\u00e9n da orde terceira \u00e9 un cl\u00e1sico. Non sei en que ano comezou a s\u00faa andaina, pero o seu tama\u00f1o f\u00edxoo o maior de Ribadeo durante anos, e o primeiro en incorporar alg\u00fans elementos tecnol\u00f3xicos. O d\u00eda noite, ou o anxo que aparece pola noite son algunhas das peculiaridades. Como non sei todas as persoas que participan nel, quedar\u00e1n para outro momento.<\/p>\n<p><a href=\"https:\/\/blogger.googleusercontent.com\/img\/b\/R29vZ2xl\/AVvXsEhQ9UQq1XdNpM8G5A2ohYN8P3fTm7C7i7i-zcNI76FlrDi2o7huhlfODU6_wXEFq02E0YrRy487qRGa42fpMaRROwppfXkb5Vy3OgHtll4hcS-qYbjbCpZkznZzaRYSINDFGz3HLQ\/s2048\/Bel%25C3%25A9n+orde+terceira+2020.png\" imageanchor=\"1\" style=\"margin-left: 1em; margin-right: 1em;\"><img loading=\"lazy\" decoding=\"async\" height=\"210\" src=\"https:\/\/blogger.googleusercontent.com\/img\/b\/R29vZ2xl\/AVvXsEhQ9UQq1XdNpM8G5A2ohYN8P3fTm7C7i7i-zcNI76FlrDi2o7huhlfODU6_wXEFq02E0YrRy487qRGa42fpMaRROwppfXkb5Vy3OgHtll4hcS-qYbjbCpZkznZzaRYSINDFGz3HLQ\/s2048\/Bel%25C3%25A9n+orde+terceira+2020.png\" width=\"674\" \/><\/a><\/p>\n<p>Est\u00e1 na <a href=\"https:\/\/www.openstreetmap.org\/#map=19\/43.53591\/-7.04251\" rel=\"nofollow noopener\" target=\"_blank\">igrexa da Venerable Orde Terceira de San Francisco (VOT)<\/a>.<\/p>\n","protected":false},"excerpt":{"rendered":"<p>&nbsp;&nbsp; O Bel\u00e9n da orde terceira \u00e9 un cl\u00e1sico. Non sei en que ano comezou a s\u00faa andaina, pero o seu tama\u00f1o f\u00edxoo o maior de Ribadeo durante anos, e o primeiro en incorporar alg\u00fans elementos tecnol\u00f3xicos. O d\u00eda noite, ou o anxo que aparece pola noite son algunhas das peculiaridades. Como non sei todas [&hellip;]<\/p>\n","protected":false},"author":3,"featured_media":0,"comment_status":"open","ping_status":"closed","sticky":false,"template":"","format":"standard","meta":{"activitypub_content_warning":"","activitypub_content_visibility":"","activitypub_max_image_attachments":3,"activitypub_interaction_policy_quote":"anyone","activitypub_status":"federated","footnotes":""},"categories":[1],"tags":[25],"class_list":["post-4870","post","type-post","status-publish","format-standard","hentry","category-sen-categoria","tag-festas"],"_links":{"self":[{"href":"https:\/\/blogs.amarinha.gal\/ribadeando\/wp-json\/wp\/v2\/posts\/4870","targetHints":{"allow":["GET"]}}],"collection":[{"href":"https:\/\/blogs.amarinha.gal\/ribadeando\/wp-json\/wp\/v2\/posts"}],"about":[{"href":"https:\/\/blogs.amarinha.gal\/ribadeando\/wp-json\/wp\/v2\/types\/post"}],"author":[{"embeddable":true,"href":"https:\/\/blogs.amarinha.gal\/ribadeando\/wp-json\/wp\/v2\/users\/3"}],"replies":[{"embeddable":true,"href":"https:\/\/blogs.amarinha.gal\/ribadeando\/wp-json\/wp\/v2\/comments?post=4870"}],"version-history":[{"count":0,"href":"https:\/\/blogs.amarinha.gal\/ribadeando\/wp-json\/wp\/v2\/posts\/4870\/revisions"}],"wp:attachment":[{"href":"https:\/\/blogs.amarinha.gal\/ribadeando\/wp-json\/wp\/v2\/media?parent=4870"}],"wp:term":[{"taxonomy":"category","embeddable":true,"href":"https:\/\/blogs.amarinha.gal\/ribadeando\/wp-json\/wp\/v2\/categories?post=4870"},{"taxonomy":"post_tag","embeddable":true,"href":"https:\/\/blogs.amarinha.gal\/ribadeando\/wp-json\/wp\/v2\/tags?post=4870"}],"curies":[{"name":"wp","href":"https:\/\/api.w.org\/{rel}","templated":true}]}}