{"id":4866,"date":"2020-12-28T14:07:00","date_gmt":"2020-12-28T13:07:00","guid":{"rendered":""},"modified":"2024-11-12T13:06:41","modified_gmt":"2024-11-12T12:06:41","slug":"ladan","status":"publish","type":"post","link":"https:\/\/blogs.amarinha.gal\/ribadeando\/2020\/12\/28\/ladan\/","title":{"rendered":"Ladan"},"content":{"rendered":"<p><a href=\"https:\/\/blogger.googleusercontent.com\/img\/b\/R29vZ2xl\/AVvXsEjKkTh8x9ZcWyJpnchh4V4Gkj_5aKYWpvKomPkHUlTlVY_Do2ms4RENgz5_kspRwiINqloUkQF2gKOKypFZsEFQZ7Ldbo-O-t6MCVSi0dDeeGGGPy3e23YJehmdO3tF_fJMPcJmUA\/s2048\/feliz+ladan2.jpg\" style=\"margin-left: 1em; margin-right: 1em;\"><img loading=\"lazy\" decoding=\"async\" height=\"531\" src=\"https:\/\/blogger.googleusercontent.com\/img\/b\/R29vZ2xl\/AVvXsEjKkTh8x9ZcWyJpnchh4V4Gkj_5aKYWpvKomPkHUlTlVY_Do2ms4RENgz5_kspRwiINqloUkQF2gKOKypFZsEFQZ7Ldbo-O-t6MCVSi0dDeeGGGPy3e23YJehmdO3tF_fJMPcJmUA\/s2048\/feliz+ladan2.jpg\" width=\"546\" \/><\/a><\/p>\n<p>&nbsp;&nbsp; Non soa mal&#8230; &#8216;Ladan&#8217;. Por se algu\u00e9n non se decatou, &#8216;Nadal&#8217; \u00f3 rev\u00e9s. Un nome novo, algo as\u00ed como dicir &#8216;prep\u00e1rate e date a volta&#8217; ante unha festa tradicional. Tampouco me soa mal a idea de dar a volta a esta festa. Non se tratar\u00eda dun anti-Nadal, sen\u00f3n doutra cousa. A ver se aclaro a idea.<\/p>\n<p>&nbsp;&nbsp; Que vos parecer\u00eda comezar o ano no Nadal? Ref\u00edrome a prepar\u00e1rmonos para dar a volta e volver a trav\u00e9s do 2020. Ou cres que o 2021 vai ser mellor?&nbsp; Pois estou por dicir que non alucines, que o 2020 tampouco ti\u00f1a mala pinta&#8230;<\/p>\n<p>&nbsp;&nbsp; Virus na primavera. Virus no outono. Segunda onda. Terceira onda, din xa alg\u00fans. M\u00e1is cansazo. Hist\u00e9rese, poder\u00edase dicir: <span class=\"Lemma\" data-idlemma=\"27086\" data-lemma=\"hist\u00e9rese\" data-shareurl=\"https:\/\/academia.gal\/dicionario\/-\/termo\/hist\u00e9rese\" id=\"aui_3_2_0_1209\"><span class=\"Subentry\" id=\"aui_3_2_0_1208\"><span class=\"Sense\" id=\"aui_3_2_0_1207\"><span class=\"Definition\" id=\"aui_3_2_0_1206\"><span class=\"Definition__Definition\" id=\"aui_3_2_0_1205\"><em>Fen\u00f3meno polo cal o estado dun material non depende s\u00f3 da forza que act\u00faa sobre el sen\u00f3n tam\u00e9n dos estados anteriores o que se manifesta polo retardo do efecto con relaci\u00f3n \u00e1 s\u00faa causa<\/em><\/span><\/span><\/span><\/span><\/span>, segundo a RAG. Si, a xente estamos cansos de m\u00e1ximos repetidos dos contaxios, de medidas que van e ve\u00f1en, de incerteza, e respondemos peor. E no outono ca\u00eda a luz.<\/p>\n<p>&nbsp;&nbsp; Chegou o solsticio de inverno. Agora a renacer a luminosidade, a\u00ednda que baixen as temperaturas ata febreiro. Coa luminosidade ret\u00f3mase a esperanza: \u00e9 un mecanismo \u00f3 que respondemos os humanos. Esperanza, un termo que en tempos &#8216;nadocoronavirus&#8217; pode ser equ\u00edvoco. Esperanza: chegou a vacina&#8230; pero non se sabe moi ben, pode transmitirse o virus igual, non est\u00e1 claro o tempo de protecci\u00f3n, segue a haber mutaci\u00f3ns&#8230; Esperanza, pero non se pode baixar a garda, mentres a econom\u00eda tradicional afunde e tampouco est\u00e1 claro que para solucionar o afundimento o sistema vaia adaptarse moito, por m\u00e1is que sexa evidente que o que funcionou foi &#8216;outra econom\u00eda&#8217; de solidariedade, resistencia, coidados&#8230;<\/p>\n<p>&nbsp;&nbsp; De calquera xeito, hei de confesalo: a idea Ladan chegou a ra\u00edz de que todo o mundo dixera que este \u00eda ser un Nadal at\u00edpico. Nadal at\u00edpico? Que \u00e9 o &#8216;t\u00edpico&#8217; nunha celebraci\u00f3n que non ten tanto que ver coas que lembro de p\u00edcaro -tam\u00e9n algo evidente para quen te\u00f1a unha certa idade-. Este ano d\u00e1base por descontado un cambio imposto m\u00e1is que a continuidade desa evoluci\u00f3n que se ven dando. Quizais unha migui\u00f1a de &#8216;re-voluci\u00f3n&#8217;, pero por suposto ningu\u00e9n -ou case ningu\u00e9n- contaba cunha involuci\u00f3n. E pode que sexa isto \u00faltimo o que tivo m\u00e1is importancia: m\u00e1is que revolucionar a celebraci\u00f3n, volveuse a vista atr\u00e1s, recollendo algo dun sentido perdido ante un mercado que se adaptou, pero non de xeito total.<\/p>\n<p>&nbsp;&nbsp; Somos animais de costumes, pero paga a pena intentalo, o ser feliz sen que as costumes constr\u00faan unha c\u00e1rcere \u00f3 noso arredor, si. Como calquera d\u00eda da nosa vida. Iso pode significar un pouco de &#8216;involuci\u00f3n&#8217;, mais sobre todo debera ser mostra de sabidur\u00eda, un moito herdada, pero outro moito anovada para adaptarse a uns tempos que necesitan diso, de adaptaci\u00f3n.<\/p>\n<p>&nbsp;&nbsp; Feliz &#8216;d\u00eda&#8217;, de calquera xeito. Mais, como esta verbas chegar\u00e1n despois do 25D, quizais para rematar debera preguntar: (tiveches) Feliz Ladan?<\/p>\n","protected":false},"excerpt":{"rendered":"<p>&nbsp;&nbsp; Non soa mal&#8230; &#8216;Ladan&#8217;. Por se algu\u00e9n non se decatou, &#8216;Nadal&#8217; \u00f3 rev\u00e9s. Un nome novo, algo as\u00ed como dicir &#8216;prep\u00e1rate e date a volta&#8217; ante unha festa tradicional. Tampouco me soa mal a idea de dar a volta a esta festa. Non se tratar\u00eda dun anti-Nadal, sen\u00f3n doutra cousa. A ver se aclaro [&hellip;]<\/p>\n","protected":false},"author":3,"featured_media":0,"comment_status":"open","ping_status":"closed","sticky":false,"template":"","format":"standard","meta":{"activitypub_content_warning":"","activitypub_content_visibility":"","activitypub_max_image_attachments":3,"activitypub_interaction_policy_quote":"anyone","activitypub_status":"federated","footnotes":""},"categories":[1],"tags":[25,32],"class_list":["post-4866","post","type-post","status-publish","format-standard","hentry","category-sen-categoria","tag-festas","tag-filosofia"],"_links":{"self":[{"href":"https:\/\/blogs.amarinha.gal\/ribadeando\/wp-json\/wp\/v2\/posts\/4866","targetHints":{"allow":["GET"]}}],"collection":[{"href":"https:\/\/blogs.amarinha.gal\/ribadeando\/wp-json\/wp\/v2\/posts"}],"about":[{"href":"https:\/\/blogs.amarinha.gal\/ribadeando\/wp-json\/wp\/v2\/types\/post"}],"author":[{"embeddable":true,"href":"https:\/\/blogs.amarinha.gal\/ribadeando\/wp-json\/wp\/v2\/users\/3"}],"replies":[{"embeddable":true,"href":"https:\/\/blogs.amarinha.gal\/ribadeando\/wp-json\/wp\/v2\/comments?post=4866"}],"version-history":[{"count":0,"href":"https:\/\/blogs.amarinha.gal\/ribadeando\/wp-json\/wp\/v2\/posts\/4866\/revisions"}],"wp:attachment":[{"href":"https:\/\/blogs.amarinha.gal\/ribadeando\/wp-json\/wp\/v2\/media?parent=4866"}],"wp:term":[{"taxonomy":"category","embeddable":true,"href":"https:\/\/blogs.amarinha.gal\/ribadeando\/wp-json\/wp\/v2\/categories?post=4866"},{"taxonomy":"post_tag","embeddable":true,"href":"https:\/\/blogs.amarinha.gal\/ribadeando\/wp-json\/wp\/v2\/tags?post=4866"}],"curies":[{"name":"wp","href":"https:\/\/api.w.org\/{rel}","templated":true}]}}