{"id":4861,"date":"2021-01-03T12:37:00","date_gmt":"2021-01-03T11:37:00","guid":{"rendered":""},"modified":"2024-11-12T13:06:28","modified_gmt":"2024-11-12T12:06:28","slug":"progresion-do-coronavirus-en-ribadeo-ii","status":"publish","type":"post","link":"https:\/\/blogs.amarinha.gal\/ribadeando\/2021\/01\/03\/progresion-do-coronavirus-en-ribadeo-ii\/","title":{"rendered":"Progresi\u00f3n do coronavirus en Ribadeo (II)"},"content":{"rendered":"<p>&nbsp;&nbsp; Despois de ter esperado varios d\u00edas dende o artigo &#8216;<a href=\"https:\/\/blogs.amarinha.gal\/ribadeando\/2020\/12\/progresion-do-coronavirus-en-ribadeo.html\" rel=\"nofollow noopener\" target=\"_blank\">Progresi\u00f3n do coronavirus en Ribadeo<\/a>&#8216;, por fin aparece na web do concello unha nova nota de prensa que copio abaixo.<\/p>\n<table align=\"center\" cellpadding=\"0\" cellspacing=\"0\" class=\"tr-caption-container\" style=\"margin-left: auto; margin-right: auto;\">\n<tbody>\n<tr>\n<td style=\"text-align: center;\"><a href=\"https:\/\/blogger.googleusercontent.com\/img\/b\/R29vZ2xl\/AVvXsEioQvnqtorDDTuvg007hYWzMYyq6mrE7z550ySQEilKlks-UTX3DNt2Ekgbtc-ejDz3vkFfJLvMvM-2yglkbyEJtVE8no2Wt8ZhL1zZsbcd9GDPWkEe5sg4gYqOD8r6ojxAacbTlQ\/s2048\/progresi%25C3%25B3n+coronavirus.jpg\" style=\"margin-left: auto; margin-right: auto;\"><img loading=\"lazy\" decoding=\"async\" height=\"340\" src=\"https:\/\/blogger.googleusercontent.com\/img\/b\/R29vZ2xl\/AVvXsEioQvnqtorDDTuvg007hYWzMYyq6mrE7z550ySQEilKlks-UTX3DNt2Ekgbtc-ejDz3vkFfJLvMvM-2yglkbyEJtVE8no2Wt8ZhL1zZsbcd9GDPWkEe5sg4gYqOD8r6ojxAacbTlQ\/s2048\/progresi%25C3%25B3n+coronavirus.jpg\" width=\"618\" \/><\/a><\/td>\n<\/tr>\n<tr>\n<td class=\"tr-caption\" style=\"text-align: center;\">A data de 30\/12 como data de cribado \u00e9 indicativa, \u00f3 non terse difundido informaci\u00f3n sobre o tema m\u00e1is que as notas do concello, coas deficiencias \u00e1 vista.<\/td>\n<td class=\"tr-caption\" style=\"text-align: center;\">&nbsp;<\/td>\n<td class=\"tr-caption\" style=\"text-align: center;\">&nbsp;<\/td>\n<td class=\"tr-caption\" style=\"text-align: center;\">&nbsp;<\/td>\n<td class=\"tr-caption\" style=\"text-align: center;\">\n<\/td>\n<td class=\"tr-caption\" style=\"text-align: center;\">\n<\/td>\n<\/tr>\n<\/tbody>\n<\/table>\n<p>&nbsp;&nbsp; Segue sen falarse da orixe do brote ou de como, seguindo os protocolos, xurdiu a expansi\u00f3n. Asemade, tam\u00e9n se deixa sen cubrir a expansi\u00f3n f\u00f3ra do asilo: a d\u00eda de hoxe non se fixo cribado nin seguemento, que se saiba. E na p\u00e1xina do SERGAS leva varios d\u00edas a indicaci\u00f3n de que Ribadeo ten 28 casos.<\/p>\n<p><a href=\"http:\/\/ribadeo.gal\/actualidade\/nova.php?id=3783&amp;lg=gal\" rel=\"nofollow noopener\" target=\"_blank\">Nota do concello<\/a>:<\/p>\n<p class=\"imgnovas\"><img decoding=\"async\" alt=\"Foto Hospital Asilo\" src=\"http:\/\/ribadeo.gal\/imxd\/noticias\/imx\/1609584019Foto_Hospital_Asilo_-_copia.jpg\" \/><\/p>\n<p class=\"antetitulo\"><em>A VINDEIRA SEMANA REALIZARASE OUTRO MAIS<\/em><\/p>\n<p><em><br \/>\n   <\/em><\/p>\n<h3 class=\"antel\"><em>Cribado no Hospital Asilo<\/em><\/h3>\n<p><em><br \/>\n  <span class=\"data\">02\/01\/2021<\/span><br \/>\n  <\/em><\/p>\n<p><em>O \u00faltimo cribado realizado no Hospital Asilo de<br \/>\nRibadeo deixa 10 novos positivos por covid, 7 de usuarios e 3 de<br \/>\ntraballadores do centro, segundo ven de confirmar o alcalde, Fernando<br \/>\nSu\u00e1rez. <\/em><\/p>\n<\/p>\n<p><em><\/p>\n<p>\t<\/em><\/p>\n<p><em>O rexedor relatou que &#8220;este pasado xoves as autoridades sanitarias<br \/>\ndo Hospital da Costa fixeron un novo cribado xeral para comprobar a<br \/>\nprogresi\u00f3n do gromo detectado hai uns d\u00edas no Hospital Asilo. Os<br \/>\nresultados das probas indican que hai 7 novos casos de usuarios e 3<br \/>\ncasos de traballadores do centro residencial&#8221;. <\/em><\/p>\n<p><em>Fernando Su\u00e1rez<br \/>\ndixo que &#8220;tal e como foi pasando nas situaci\u00f3ns similares anteriores,<br \/>\ninici\u00e1ronse de inmediato as actuaci\u00f3ns coordinadas entre as autoridades<br \/>\nSanitarias, as autoridades de Pol\u00edtica Social e m\u00e1is as do Hospital<br \/>\nAsilo. As\u00ed os traballadores afectados est\u00e1n nos seus domicilios gardando<br \/>\n a corentena necesaria e cos protocolos pertinentes. En canto aos<br \/>\nusuarios, 5 deles xa foron trasladados ao Cegadi (Centro Galego de<br \/>\nDesenvolvemento Integral), que \u00e9 unha Residencia con funcionalidades<br \/>\nhospitalarias que a Xunta de Galicia ten habilitada para estes casos en<br \/>\nSantiago de Compostela. Este Centro est\u00e1 preparado para a atenci\u00f3n de<br \/>\npersoas consideradas v\u00e1lidas ou con nivel de dependencia baixa. Agora<br \/>\nneste momento xa se atopaban al\u00ed as persoas usuarias do Hospital Asilo<br \/>\nque deran positivo nos d\u00edas anteriores, facendo as\u00ed un total de 18<br \/>\npersoas de Ribadeo nese Centro&#8221;. <\/em><\/p>\n<p><em>O alcalde sinalou que &#8220;outros 3<br \/>\nusuarios diagnosticados como positivos, e de acordo cos criterios das<br \/>\nautoridades sanitarias, permanecen no Hospital Asilo debido ao seu<br \/>\nelevado nivel de dependencia previo ao contaxio v\u00edrico. Tam\u00e9n se atopa<br \/>\nnesta situaci\u00f3n, desde o primeiro d\u00eda detectado, a relixiosa afectada de<br \/>\n Covid19. Para todas estas persoas est\u00e1n habilitados igualmente os<br \/>\nprotocolos de atenci\u00f3n, coidado e protecci\u00f3n indicados polos Servizos<br \/>\nSanitarios e Sociais. No momento de ser emitida esta nota de prensa,<br \/>\ntam\u00e9n se atopa 1 persoa usuaria no Hospital da Costa en Burela,<br \/>\nindic\u00e1ndose que cando supere a situaci\u00f3n hospitalaria ser\u00e1 derivada<br \/>\nsegundo o seu grao de dependencia ben ao Cegadi ou&nbsp; ben ao Hospital<br \/>\nAsilo de Ribadeo&#8221;. <\/em><\/p>\n<p><em>Su\u00e1rez Barcia manifestou que &#8220;segundo nos<br \/>\nindican os responsables sanitarios do Hospital da Costa, de cara a<br \/>\nprincipios de semana farase un novo cribado xeral para comprobar se o<br \/>\ngromo se estabiliza ou se pola contra hai novos contaxiados, sen<br \/>\nprexu\u00edzo de que se poidan realizar novos test de ant\u00edxenos de xeito<br \/>\ninmediato se alg\u00fan outro residente mostra s\u00edntomas de contaxio antes<br \/>\ndese cribado. Tam\u00e9n nos informan nas \u00faltimas horas os responsables<br \/>\nsanitarios e sociais que as persoas afectadas polo coronavirus mante\u00f1en,<br \/>\n en termos xerais, uns niveis leves ou aceptables de sintomatolox\u00eda.<br \/>\nEstas mesmas autoridades, tanto as Sanitarias do Hospital da Costa como<br \/>\nas de Pol\u00edtica Social do Cegadi, indican que esta situaci\u00f3n actual<br \/>\nderiva dunha previa que vai desencadeando un gromo, por canto unha boa<br \/>\nparte dos afectados son compa\u00f1eiros de cuarto de persoas previamente<br \/>\ncontaxiadas&#8221;. <\/em><\/p>\n<p><em>O rexedor ribadense engadiu: &#8220;s\u00e9guese valorando<br \/>\ncomo moi positiva a actuaci\u00f3n coordinada na aplicaci\u00f3n dos Protocolos e<br \/>\nPlanes de Continxencia por parte da&nbsp; Direcci\u00f3n do Centro e do seu<br \/>\npersoal, as\u00ed como a actitude dos residentes \u00e1 hora de enfocar esta crise<br \/>\n sanitaria. Igualmente se contin\u00faa a valorar moi positivamente a<br \/>\nactuaci\u00f3n coordinada das autoridades sanitarias do Hospital da Costa e<br \/>\ndas do Cegadi por ir desprazando a Santiago a estas persoas afectadas,<br \/>\nlogrando as\u00ed dous obxectivos estrat\u00e9xicos neste momento: o primeiro \u00e9<br \/>\nque os afectados estean nas mellores condici\u00f3ns de atenci\u00f3n residencial e<br \/>\n hospitalaria posible. E o segundo \u00e9 que o Hospital Asilo de Ribadeo<br \/>\nvexa diminu\u00eddo de xeito moi importante o risco de transmisi\u00f3n v\u00edrica<br \/>\npara o resto de usuarios, que vi\u00f1eron dando negativo en todo este tempo e<br \/>\n que actualmente suman 16 persoas&#8221;. <\/em><\/p>\n<p><em>\u00e7Fernando Su\u00e1rez indicou que<br \/>\n&#8220;como sempre indicamos, manteremos informada \u00e1 cidadan\u00eda sexa cal sexa a<br \/>\n situaci\u00f3n \u00e1 que nos te\u00f1amos que enfrontar, coa confianza de que en moi<br \/>\npoucos d\u00edas estaremos no pico de madurez deste gromo que se iniciou a<br \/>\nprincipios da semana pasada. Far\u00e9molo a medida que vaiamos obtendo<br \/>\ninformaci\u00f3n, ben por n\u00f3s mesmos ou ben proporcionada polas autoridades<br \/>\nsanitarias auton\u00f3micas en canto nola vaian facilitando, sempre co mellor<br \/>\n \u00e1nimo informativo e para dar a confianza necesaria que evite<br \/>\nrumorolox\u00edas ou situaci\u00f3ns de confusi\u00f3n&#8221;.<\/em><\/p><\/p>\n","protected":false},"excerpt":{"rendered":"<p>&nbsp;&nbsp; Despois de ter esperado varios d\u00edas dende o artigo &#8216;Progresi\u00f3n do coronavirus en Ribadeo&#8216;, por fin aparece na web do concello unha nova nota de prensa que copio abaixo. A data de 30\/12 como data de cribado \u00e9 indicativa, \u00f3 non terse difundido informaci\u00f3n sobre o tema m\u00e1is que as notas do concello, coas [&hellip;]<\/p>\n","protected":false},"author":3,"featured_media":0,"comment_status":"open","ping_status":"closed","sticky":false,"template":"","format":"standard","meta":{"activitypub_content_warning":"","activitypub_content_visibility":"","activitypub_max_image_attachments":3,"activitypub_interaction_policy_quote":"anyone","activitypub_status":"federate","footnotes":""},"categories":[1],"tags":[75],"class_list":["post-4861","post","type-post","status-publish","format-standard","hentry","category-sen-categoria","tag-coronavirus"],"_links":{"self":[{"href":"https:\/\/blogs.amarinha.gal\/ribadeando\/wp-json\/wp\/v2\/posts\/4861","targetHints":{"allow":["GET"]}}],"collection":[{"href":"https:\/\/blogs.amarinha.gal\/ribadeando\/wp-json\/wp\/v2\/posts"}],"about":[{"href":"https:\/\/blogs.amarinha.gal\/ribadeando\/wp-json\/wp\/v2\/types\/post"}],"author":[{"embeddable":true,"href":"https:\/\/blogs.amarinha.gal\/ribadeando\/wp-json\/wp\/v2\/users\/3"}],"replies":[{"embeddable":true,"href":"https:\/\/blogs.amarinha.gal\/ribadeando\/wp-json\/wp\/v2\/comments?post=4861"}],"version-history":[{"count":0,"href":"https:\/\/blogs.amarinha.gal\/ribadeando\/wp-json\/wp\/v2\/posts\/4861\/revisions"}],"wp:attachment":[{"href":"https:\/\/blogs.amarinha.gal\/ribadeando\/wp-json\/wp\/v2\/media?parent=4861"}],"wp:term":[{"taxonomy":"category","embeddable":true,"href":"https:\/\/blogs.amarinha.gal\/ribadeando\/wp-json\/wp\/v2\/categories?post=4861"},{"taxonomy":"post_tag","embeddable":true,"href":"https:\/\/blogs.amarinha.gal\/ribadeando\/wp-json\/wp\/v2\/tags?post=4861"}],"curies":[{"name":"wp","href":"https:\/\/api.w.org\/{rel}","templated":true}]}}