{"id":4856,"date":"2021-01-07T19:01:00","date_gmt":"2021-01-07T18:01:00","guid":{"rendered":""},"modified":"2024-11-12T13:06:19","modified_gmt":"2024-11-12T12:06:19","slug":"12-anos-do-equipo-galicia-xogando-en","status":"publish","type":"post","link":"https:\/\/blogs.amarinha.gal\/ribadeando\/2021\/01\/07\/12-anos-do-equipo-galicia-xogando-en\/","title":{"rendered":"12 anos do equipo Galicia xogando en chess.com"},"content":{"rendered":"<p>&nbsp;&nbsp; Hoxe por hoxe x\u00f3gase \u00f3 xadrez abondo m\u00e1is por internet que de xeito directo. O certo \u00e9 que non te\u00f1o unha fonte de datos con n\u00fameros fiables para apoiar o que digo, pero polo que co\u00f1ezo despois de ter xogado \u00f3 xadrez durante medio s\u00e9culo, apostar\u00eda unha boa cantidade a que as\u00ed \u00e9.<\/p>\n<p>&nbsp;&nbsp; En Ribadeo a\u00ednda segue existindo de xeito formal, pero sen actividade dende hai moitos anos, un club de xadrez fundado nos oitenta, o &#8216;Alfonso X el Sabio&#8217;, que no seu momento artellou varios campionatos &#8216;Vila de Ribadeo&#8217; e participou na liga provincial, enviando asemade alg\u00fan equipo \u00f3s torneos galegos de xadrez infantil. Veu recoller unha testemu\u00f1a medio s\u00e9culo a\u00ednda m\u00e1is antiga, arredor de Evaristo Lombardero pai, que ti\u00f1a recollido diversa documentaci\u00f3n como testemu\u00f1a do devir axedrec\u00edstico da vila naquel ent\u00f3n.&nbsp;<\/p>\n<p>&nbsp;&nbsp; Hoxe en d\u00eda en Ribadeo leva tempo sen haber torneos nin actividade m\u00e1is que moi espor\u00e1dica en torno \u00f3 xadrez. Mais c\u00f3nstame que diversas persoas da vila est\u00e1n a desenvolver unha certa actividade na plataforma online chess.com, alg\u00fan xogando co equipo Galicia (&#8216;Team Galicia&#8217;) en dita plataforma. Un equipo que se codea en diversas ligas con outros de estados con abonda m\u00e1is poboaci\u00f3n e unha tradici\u00f3n que soa no mundo do xadrez.<\/p>\n<p>&nbsp;&nbsp; Hai pouco cumpr\u00edronse 12 anos da fundaci\u00f3n do equipo, e un dos compo\u00f1entes m\u00e1is activos fixo un resume da s\u00faa historia. A\u00ed vai, como complemento da historia por facer do xadrez en Ribadeo:<\/p>\n<h1><a href=\"https:\/\/www.chess.com\/gl\/news\/view\/12-anos-de-historia-do-team-galicia?ncc=1#first_new_comment\" rel=\"nofollow noopener\" target=\"_blank\"><em>12 anos de historia do Team Galicia<\/em><\/a><\/h1>\n<p><em><\/p>\n<p>  <\/em><\/p>\n<p class=\"post-view-meta-component\"><em><a class=\"post-view-meta-avatar v-user-popover\" data-user-popover-directive=\"true\" href=\"https:\/\/www.chess.com\/member\/galicky\" style=\"height: 35px; width: 35px;\" title=\"galicky\"><img loading=\"lazy\" decoding=\"async\" alt=\"galicky\" height=\"35\" src=\"https:\/\/images.chesscomfiles.com\/uploads\/v1\/user\/4555739.4ccc5120.35x35o.51951c10e6fc.jpeg\" width=\"35\" \/><\/a><\/em><\/p>\n<p class=\"post-view-meta-user\"><em><a class=\"post-view-meta-username v-user-popover\" data-user-popover-directive=\"true\" href=\"https:\/\/www.chess.com\/member\/galicky\"><br \/>\n      galicky<br \/>\n    <\/a><\/p>\n<p>          <\/em><\/p>\n<\/p>\n<\/p>\n<p class=\"post-view-meta-stats\"><em><time class=\"v-tooltip\" datetime=\"2020-12-18 10:46\"><br \/>\n          Actualizado el: 18 dic. 2020 10:46<br \/>\n        <\/time><\/p>\n<p>      <span class=\"post-view-meta-separator\">|<\/span><\/em><\/p>\n<p class=\"icon-font-component post-view-meta-icon\"><em><\/em><\/p>\n<p>    <em><span>11<\/span><\/em><\/p>\n<\/p>\n<\/p>\n<p><em><\/p>\n<p>  <\/em><\/p>\n<p class=\"post-view-content\"><em><br \/>\n    <\/em><\/p>\n<p><em>O Team Galicia de Chess.com naceu un <strong>17 de Decembro de 2008<\/strong>, por iniciativa de <strong><span class=\"username v-user-popover\" data-popup=\"hover\" data-user-popover-directive=\"true\" data-username=\"jjxerez\">@jjxerez<\/span><\/strong>,<br \/>\n un andaluz afincado en Galicia como el mesmo di. Cando estabamos a<br \/>\npiques de chegar aos 1.000 membros e comezabamos a pensar en escribir<br \/>\nunha entrada coa historia do Team Galicia que nunca at\u00e9 hoxe se chegou a<br \/>\n facer, ped\u00edmoslle unhas palabras sobre os primeiros pasos do Team<br \/>\nGalicia, que a moitos se nos escapan e deixounos estas palabras:<\/em><\/p>\n<p><em><br \/>\n<\/em><\/p>\n<blockquote>\n<p><em>Hola a todos,<\/em><\/p>\n<p><em>Mi nombre es Juan Jos\u00e9 y mi nombre de usuario es jjxerez. En el a\u00f1o<br \/>\n1992, por motivos laborales y familiares, me traslad\u00e9 a vivir a Ourense<br \/>\ndesde mi ciudad natal (Jerez de la Frontera \u2013 C\u00e1diz). A\u00f1os m\u00e1s tarde, mi<br \/>\n hijo empez\u00f3 a jugar al ajedrez y yo recuper\u00e9, con \u00e9l, una afici\u00f3n que<br \/>\nhab\u00eda tenido en mi primera juventud. En el a\u00f1o 2007 descubr\u00ed la p\u00e1gina<br \/>\nweb de chess.com y empec\u00e9 a jugar en ella y a recomendarla a mis amigos y<br \/>\n conocidos. El 17 de diciembre de 2008 decid\u00ed crear el equipo de Galicia<br \/>\n para competir con el resto de equipos de Comunidades de Espa\u00f1a, que<br \/>\ncomprob\u00e9 que se hab\u00edan formado en Chess.com. Al principio, invitaba a<br \/>\nmis amigos y a los jugadores con los que iba jugando en la p\u00e1gina para<br \/>\nque se anotaran al equipo, y as\u00ed, nos anotamos a participar en una Liga<br \/>\nAuton\u00f3mica y comenzamos, tambi\u00e9n, a retar a equipos de otros pa\u00edses.<br \/>\nTambi\u00e9n se iniciaron los primeros Torneos internos. S\u00e9 que tuvimos<br \/>\nproblemas para que nos admitieran en las primeras competiciones de las<br \/>\nLiga Mundiales y Europeas, y ya no recuerdo si la gesti\u00f3n la llegu\u00e9 a<br \/>\nfinalizar yo o lo consigui\u00f3 el grupo de Administradores a los que les<br \/>\nped\u00ed que me sustituyeran y que se hicieron cargo del equipo: &#8220;Jaedrez&#8221;,<br \/>\n\u201cPuremind\u201d, \u201cGalicky\u201d, \u201cTropeiev\u201d, \u201cDamafe\u201d,\u2026. ellos y los que<br \/>\nposteriormente \u201chan tirado del carro\u201d, han conseguido que hoy seamos un<br \/>\nequipo con 1.000 jugadores y que estemos en puestos privilegiados en Las<br \/>\n Grandes Ligas de chess.com. Gracias a todos por participar en este<br \/>\nproyecto y enhorabuena por vuestro trabajo.<\/em><\/p>\n<\/blockquote>\n<p><em><br \/>\n<\/em><\/p>\n<p><em><strong>2008-2013, a orixe<\/strong><\/em><\/p>\n<p><em><br \/>\n<\/em><\/p>\n<p><em>Mergull\u00e1ndonos nas notas e nos foros, atopamos referencias aos<br \/>\nprimeiros torneos internos que de algunha maneira evolucionar\u00f3n no<br \/>\nTorneo anual do Team Galicia e que recollemos neste f\u00edo do foro a<br \/>\ninformaci\u00f3n de todos eles:<\/em><\/p>\n<p><em><br \/>\n<\/em><\/p>\n<p><em><span style=\"font-size: 18px;\"><strong><a href=\"https:\/\/www.chess.com\/gl\/clubs\/forum\/view\/histoacuterico-torneos-team-galicia\" target=\"_blank\" rel=\"noopener\">Hist\u00f3rico Torneos Team Galicia<\/a><\/strong><\/span><\/em><\/p>\n<p><em><br \/>\n<\/em><\/p>\n<p><em>Tam\u00e9n atopamos unha <a href=\"https:\/\/www.chess.com\/news\/view\/liga-mundial-9014\" target=\"_blank\" rel=\"noopener\">noticia<\/a> de <span class=\"username v-user-popover\" data-popup=\"hover\" data-user-popover-directive=\"true\" data-username=\"jjxerez\">@jjxerez<\/span><br \/>\n na que se ve o primeiro intento por xogar a Liga Mundial xa en 2009,<br \/>\ncando o Team Galicia apenas ti\u00f1a un mes dende a s\u00faa creaci\u00f3n.<\/em><\/p>\n<p><em><br \/>\n<\/em><\/p>\n<p><em>Foi finalmente na tempada 2013 cando Team Galicia debutou nas ligas Mundial e Europea, e atopamos a noticia de <span class=\"username v-user-popover\" data-popup=\"hover\" data-user-popover-directive=\"true\" data-username=\"jaedrez\">@jaedrez<\/span><br \/>\n na que se fai o anuncio e na que xa se anticipa alg\u00fan futuro problema<br \/>\npolas bandeiras en relaci\u00f3n coa participaci\u00f3n nestas ligas<br \/>\ninternacionais:<\/em><\/p>\n<p><em><br \/>\n<\/em><\/p>\n<h1 style=\"text-align: center;\"><em><span style=\"font-size: 18px;\"><a href=\"https:\/\/www.chess.com\/news\/view\/iexclgalicia-estaraacute-en-las-grandes-ligas-9560\" target=\"_blank\" rel=\"noopener\"><strong>\u00a1Galicia estar\u00e1 en las grandes ligas!<\/strong><\/a><\/span><\/em><\/h1>\n<p><em><br \/>\n<\/em><\/p>\n<p><em>O labor organizativo de <strong><span class=\"username v-user-popover\" data-popup=\"hover\" data-user-popover-directive=\"true\" data-username=\"jaedrez\">@jaedrez<\/span><\/strong><br \/>\n no pouco tempo que estivo na administraci\u00f3n de Team Galicia tam\u00e9n<br \/>\nmerece unha menci\u00f3n, e o seu traballo e as s\u00faas ideas inspiraron aos que<br \/>\n nos encargamos da organizaci\u00f3n do Team Galicia nos anos seguintes.<\/em><\/p>\n<p><em><br \/>\n<\/em><\/p>\n<p><em>Nesa primeira etapa tam\u00e9n colaboraron na administraci\u00f3n do Team Galicia: <span class=\"username v-user-popover\" data-popup=\"hover\" data-user-popover-directive=\"true\" data-username=\"MarcosSigras\">@MarcosSigras<\/span>, <span class=\"username v-user-popover\" data-popup=\"hover\" data-user-popover-directive=\"true\" data-username=\"NachoMacias\">@NachoMacias<\/span> (MrNaranja), <span class=\"username v-user-popover\" data-popup=\"hover\" data-user-popover-directive=\"true\" data-username=\"damafe\">@damafe<\/span> ou <span class=\"username v-user-popover\" data-popup=\"hover\" data-user-popover-directive=\"true\" data-username=\"jazard\">@jazard<\/span>, e outros aos que Chess.com lles pechou a conta e dos que se perdeu toda a s\u00faa participaci\u00f3n nos foros, notas&#8230; como <span class=\"username v-user-popover\" data-popup=\"hover\" data-user-popover-directive=\"true\" data-username=\"Betty88\">@Betty88<\/span> ou <span class=\"username v-user-popover\" data-popup=\"hover\" data-user-popover-directive=\"true\" data-username=\"Suibne\">@Suibne<\/span>.<\/em><\/p>\n<p><em><br \/>\n<\/em><\/p>\n<p><em>Desa orixe dun club de amigos onde todo o mundo \u00e9 benvido, e do<br \/>\ninterese en participar nas ligas internacionais, que se v\u00e9n facendo<br \/>\nininterrompidamente dende 2013, quedou un Team Galicia que intentou<br \/>\ncaptar a todos os membros de Chess.com que ti\u00f1an bandeira galega ou<br \/>\nalgunha informaci\u00f3n que o fixera sospeitoso de ter algunha relaci\u00f3n con<br \/>\nGalicia, pero que medrou moi pouqui\u00f1o a pouco malia a ter a porta sempre<br \/>\n aberta e a recibir cos brazos abertos a todos os membros que se<br \/>\nquixeron unir.<\/em><\/p>\n<p><em><br \/>\n<\/em><\/p>\n<p><em><strong>2013-2020, unha etapa <em>slow<\/em><br \/>\n<\/strong><\/em><\/p>\n<p><em><br \/>\n<\/em><\/p>\n<p><em>En 2013 mudou o equipo de administraci\u00f3n. Entramos como admins <span class=\"username v-user-popover\" data-popup=\"hover\" data-user-popover-directive=\"true\" data-username=\"puremind\">@puremind<\/span>, <span class=\"username v-user-popover\" data-popup=\"hover\" data-user-popover-directive=\"true\" data-username=\"tropeiev\">@tropeiev<\/span> e m\u00e1is eu, <span class=\"username v-user-popover\" data-popup=\"hover\" data-user-popover-directive=\"true\" data-username=\"galicky\">@galicky<\/span>, que coa axuda de <span class=\"username v-user-popover\" data-popup=\"hover\" data-user-popover-directive=\"true\" data-username=\"damafe\">@damafe<\/span> nos primeiros anos co Xadrez por Votaci\u00f3n, guiamos o Team Galicia at\u00e9 2020.<\/em><\/p>\n<p><em><br \/>\n<\/em><\/p>\n<p><em>Foi unha etapa slow, na que as ligas Mundial e Europea de xadrez diario, nas que debutamos ese ano 2013 centraron a atenci\u00f3n do Team Galicia.<\/em><\/p>\n<p><em><br \/>\n<\/em><\/p>\n<p><em><a href=\"https:\/\/www.chess.com\/clubs\/forum\/view\/world-league-20137\" target=\"_blank\" rel=\"noopener\">Debutabamos na World League<\/a><br \/>\n na Divisi\u00f3n H, mais por mor dun axuste ao abandonar a competici\u00f3n o<br \/>\nTeam Malaysia, ocupamos o seu lugar na Divisi\u00f3n E e conseguimos o<br \/>\nascenso \u00e1 Divisi\u00f3n D. Nunca m\u00e1is baixamos e mesmo chegamos a ga\u00f1ar alg\u00fan<br \/>\n ano o dereito ao ascenso \u00e1 Divisi\u00f3n C que non aceptamos pola<br \/>\ndificultade para garantir un m\u00ednimo 50 xogadores por encontro en toda a<br \/>\ncompetici\u00f3n. O crecemento do Team Galicia nesta etapa foi lento e non<br \/>\nparec\u00eda asumible participar coa esixencia de 50 taboleiros. Se cadra<br \/>\n2021 ser\u00e1 a tempada do noso debut na Divisi\u00f3n C tras ga\u00f1ar a competici\u00f3n<br \/>\n na Divisi\u00f3n D en 2020 con pleno de vitorias.<\/em><\/p>\n<p><em><br \/>\n<\/em><\/p>\n<p><em>Na primeira <a href=\"https:\/\/www.chess.com\/gl\/clubs\/forum\/view\/world-league-2020-11\" target=\"_blank\" rel=\"noopener\">entrada do foro<\/a> sobre a \u00faltima tempada da WL rec\u00f3llese un hist\u00f3rico da actuaci\u00f3n do Team Galicia nesta competici\u00f3n.<\/em><\/p>\n<p><em><br \/>\n<\/em><\/p>\n<p><em>Tam\u00e9n con formidables resultados participamos dende 2013 na <a href=\"https:\/\/www.chess.com\/gl\/clubs\/forum\/view\/european-league-2020-10\" target=\"_blank\" rel=\"noopener\">Liga Europea<\/a> e dende 2014 na <a href=\"https:\/\/www.chess.com\/gl\/clubs\/forum\/view\/chess960-wl2020-17\" target=\"_blank\" rel=\"noopener\">Liga Mundial de Xadrez 960<\/a> chegando a participar na tempada 2020 na segunda divisi\u00f3n mundial.<\/em><\/p>\n<p><em><br \/>\n<\/em><\/p>\n<p><em><span class=\"username v-user-popover\" data-popup=\"hover\" data-user-popover-directive=\"true\" data-username=\"puremind\">@puremind<\/span><br \/>\n puxo en marcha xa ese ano a s\u00faa p\u00e1xina para o seguimento dos resultados<br \/>\n e as estat\u00edsticas do Team Galicia nas ligas internacionais, unha p\u00e1xina<br \/>\n que evolucionou at\u00e9 converterse na <a href=\"https:\/\/chessteams.info\/\" rel=\"ugc nofollow noreferrer noopener\" target=\"_blank\">p\u00e1xina oficial<\/a> de seguimento destas competici\u00f3ns.<\/em><\/p>\n<p><em><br \/>\n<\/em><\/p>\n<p><em>En 2017, Chess.com puxo en marcha a opci\u00f3n de xogar encontros en vivo<br \/>\n por equipos e axi\u00f1a naceron as competici\u00f3ns internacionais por equipos<br \/>\nnesta modalidade na que quixemos estar dende o comezo, co\u00f1ecedores das<br \/>\ndificultades que houbo para participar por primeira vez na World League e<br \/>\n a European League de xadrez diario.<\/em><\/p>\n<p><em><br \/>\n<\/em><\/p>\n<p><em>As\u00ed naceu a <a href=\"https:\/\/www.chess.com\/gl\/clubs\/forum\/view\/live-chess-world-league-2017\" target=\"_blank\" rel=\"noopener\">Liga Mundial de Xadrez en Vivo (LCWL) coa primeira tempada en 2017<\/a>.<br \/>\n As participaci\u00f3ns nesta modalidade a\u00ednda eran cativas en todos os<br \/>\nequipos. Mais outros equipos incrementaron m\u00e1is rapidamente a s\u00faa<br \/>\nparticipaci\u00f3n e n\u00f3s acabamos renunciando a participar na tempada 3 en<br \/>\n2018, retomando finalmente a competici\u00f3n na tempada 5 no ano 2020.<\/em><\/p>\n<p><em><br \/>\n<\/em><\/p>\n<p><em>Un 2020 no que nace tam\u00e9n a versi\u00f3n europea da liga de xadrez en vivo, a <a href=\"https:\/\/www.chess.com\/gl\/clubs\/forum\/view\/live-chess-european-league-3\" target=\"_blank\" rel=\"noopener\">LCEL<\/a>.<\/em><\/p>\n<p><em><br \/>\n<\/em><\/p>\n<p><em><strong>2020, unha revoluci\u00f3n e a busca dunha nova normalidade<\/strong><\/em><\/p>\n<p><em><br \/>\n<\/em><\/p>\n<p><em>2020 foi un punto de inflexi\u00f3n, o Team Galicia non s\u00f3 chegou por fin<br \/>\naos 500 membros, senon tam\u00e9n aos 1.000, e case aos 2.000, bateuse a<br \/>\nmarca de participaci\u00f3n do Team Galicia nun encontro diario co encontro<br \/>\nque ga\u00f1amos <a href=\"https:\/\/www.chess.com\/club\/matches\/team-galicia\/1127636\" target=\"_blank\" rel=\"noopener\">a Bosnia na EL por 92-90<\/a>,<br \/>\n nas ligas en vivo conseguironse rexistros formidables, mais tanto<br \/>\ncrecemento viu tam\u00e9n acompa\u00f1ado dalg\u00fans problemas que supuxeron algunha<br \/>\nsanci\u00f3n ao Team Galicia en ligas internacionais pola incorporaci\u00f3n de<br \/>\nmoitos membros sen ning\u00fan v\u00ednculo con Galicia.<\/em><\/p>\n<p><em><br \/>\n<\/em><\/p>\n<p><em>Tam\u00e9n trouxo problemas ao equipo de administraci\u00f3n que se renovou ao completo neste ano 2020 tras 7 anos sen cambios.<\/em><\/p>\n<p><em><br \/>\n<\/em><\/p>\n<p><em>Alg\u00fans concentraron a s\u00faa aportaci\u00f3n nuns poucos meses, <span class=\"username v-user-popover\" data-popup=\"hover\" data-user-popover-directive=\"true\" data-username=\"Xosegalego\">@Xosegalego<\/span>, <span class=\"username v-user-popover\" data-popup=\"hover\" data-user-popover-directive=\"true\" data-username=\"llouci\">@llouci<\/span>&#8230; outros vi\u00f1eron para quedar <span class=\"username v-user-popover\" data-popup=\"hover\" data-user-popover-directive=\"true\" data-username=\"Avertigo\">@Avertigo<\/span>, <span class=\"username v-user-popover\" data-popup=\"hover\" data-user-popover-directive=\"true\" data-username=\"Carro-Can\">@Carro-Can<\/span>, que xunto co reincorporado <span class=\"username v-user-popover\" data-popup=\"hover\" data-user-popover-directive=\"true\" data-username=\"damafe\">@damafe<\/span> e <span class=\"username v-user-popover\" data-popup=\"hover\" data-user-popover-directive=\"true\" data-username=\"oscarillo\">@oscarillo<\/span> e <span class=\"username v-user-popover\" data-popup=\"hover\" data-user-popover-directive=\"true\" data-username=\"Bloom71\">@Bloom71<\/span>, conxugan ben o co\u00f1ecemento do Team Galicia coa ilusi\u00f3n e a enerx\u00eda para aportar novas ideas que gu\u00eden o futuro do equipo.<\/em><\/p>\n<p><em><br \/>\n<\/em><\/p>\n<p><em>Dunha destas novas ideas xurdiu o novo logo do Team Galicia, creaci\u00f3n de <span class=\"username v-user-popover\" data-popup=\"hover\" data-user-popover-directive=\"true\" data-username=\"misteroom\">@misteroom<\/span>, que ilustra esta entrada e mostra unha imaxe renovada ideal para o inicio da nova etapa.<\/em><\/p>\n<p><em><br \/>\n<\/em><\/p>\n<p><em>Unha nova etapa dun Team Galicia que, coma sempre, seguir\u00e1 a ser un<br \/>\npunto de encontro en Chess.com de todo o xadrez galego e recibindo cos<br \/>\nbrazos abertos a todos os galegos da di\u00e1spora e a todos aqueles que<br \/>\nte\u00f1an unha relaci\u00f3n especial con Galicia.<\/em><\/p><\/p>\n","protected":false},"excerpt":{"rendered":"<p>&nbsp;&nbsp; Hoxe por hoxe x\u00f3gase \u00f3 xadrez abondo m\u00e1is por internet que de xeito directo. O certo \u00e9 que non te\u00f1o unha fonte de datos con n\u00fameros fiables para apoiar o que digo, pero polo que co\u00f1ezo despois de ter xogado \u00f3 xadrez durante medio s\u00e9culo, apostar\u00eda unha boa cantidade a que as\u00ed \u00e9. &nbsp;&nbsp; [&hellip;]<\/p>\n","protected":false},"author":3,"featured_media":0,"comment_status":"open","ping_status":"closed","sticky":false,"template":"","format":"standard","meta":{"activitypub_content_warning":"","activitypub_content_visibility":"","activitypub_max_image_attachments":3,"activitypub_interaction_policy_quote":"anyone","activitypub_status":"federate","footnotes":""},"categories":[1],"tags":[9],"class_list":["post-4856","post","type-post","status-publish","format-standard","hentry","category-sen-categoria","tag-sociedade"],"_links":{"self":[{"href":"https:\/\/blogs.amarinha.gal\/ribadeando\/wp-json\/wp\/v2\/posts\/4856","targetHints":{"allow":["GET"]}}],"collection":[{"href":"https:\/\/blogs.amarinha.gal\/ribadeando\/wp-json\/wp\/v2\/posts"}],"about":[{"href":"https:\/\/blogs.amarinha.gal\/ribadeando\/wp-json\/wp\/v2\/types\/post"}],"author":[{"embeddable":true,"href":"https:\/\/blogs.amarinha.gal\/ribadeando\/wp-json\/wp\/v2\/users\/3"}],"replies":[{"embeddable":true,"href":"https:\/\/blogs.amarinha.gal\/ribadeando\/wp-json\/wp\/v2\/comments?post=4856"}],"version-history":[{"count":0,"href":"https:\/\/blogs.amarinha.gal\/ribadeando\/wp-json\/wp\/v2\/posts\/4856\/revisions"}],"wp:attachment":[{"href":"https:\/\/blogs.amarinha.gal\/ribadeando\/wp-json\/wp\/v2\/media?parent=4856"}],"wp:term":[{"taxonomy":"category","embeddable":true,"href":"https:\/\/blogs.amarinha.gal\/ribadeando\/wp-json\/wp\/v2\/categories?post=4856"},{"taxonomy":"post_tag","embeddable":true,"href":"https:\/\/blogs.amarinha.gal\/ribadeando\/wp-json\/wp\/v2\/tags?post=4856"}],"curies":[{"name":"wp","href":"https:\/\/api.w.org\/{rel}","templated":true}]}}