{"id":4853,"date":"2021-01-10T12:18:00","date_gmt":"2021-01-10T11:18:00","guid":{"rendered":""},"modified":"2024-11-12T13:06:15","modified_gmt":"2024-11-12T12:06:15","slug":"discurso-de-reis-2021-en-ribadeo","status":"publish","type":"post","link":"https:\/\/blogs.amarinha.gal\/ribadeando\/2021\/01\/10\/discurso-de-reis-2021-en-ribadeo\/","title":{"rendered":"Discurso de reis 2021 en Ribadeo"},"content":{"rendered":"<p>Os discursos de reis son pezas literarias e sociais de primeiro orde. Pode que a s\u00faa edici\u00f3n nun libro quedara moi repetitiva, mais coido que ser\u00eda convinte para trazar unha historia de Ribadeo. Aqu\u00ed queda o deste ano, e abaixo, un pequeno v\u00eddeo da cola para ver \u00f3s reis:<\/p>\n<p>&nbsp;&nbsp; &#8220;Moi boas noites, benqueridos amigos e amigas, nenas nenos, maiores<br \/>\ne  pequenos: Non sen dificultades chegamos a esta fermosa vila de<br \/>\nRibadeo.<\/p>\n<p>&nbsp;&nbsp;&nbsp; Estamos a vivir<br \/>\nuns momentos moi dif\u00edciles en todo o mundo e sentimos moit\u00edsimo non<br \/>\npoder facer este ano unha cabalgata multitudinaria polas r\u00faas da<br \/>\nvila, como desexabamos n\u00f3s e v\u00f3s. Pero sabemos que entenderedes as<br \/>\nraz\u00f3n.<\/p>\n<p>&nbsp;&nbsp;&nbsp; Non vos<br \/>\npreocupedes, como sentimos que estamos nos vosos coraz\u00f3ns, como<br \/>\nvemos coa nosa mirada m\u00e1xica as vosas cheas de luz e ilusi\u00f3n e como<br \/>\nadivi\u00f1amos que nos vosos peitos ani\u00f1an os mellores sentimentos,<br \/>\naqu\u00ed estamos un ano m\u00e1is con todos vosoutros, a\u00ednda que sexa deste<br \/>\nxeito tan singular. Tam\u00e9n nosoutros sentimos por todos v\u00f3s un<br \/>\nenorme cari\u00f1o, e agradec\u00e9mosvos que sexades tan comprensivos.<br \/>\nGrazas por escoitar as nosas palabras, emocionadas por tantas<br \/>\natenci\u00f3ns.<\/p>\n<p>&nbsp;&nbsp;&nbsp; Este \u00e9 un ano<br \/>\nmoi especial no que tivestes que aprender a comportarvos dunha<br \/>\nmaneira distinta, a andar con m\u00e1scaras, a relacionarvos pouco e con<br \/>\ncoidado coas amigas e amigos, a estar moito tempo, encerrados nas<br \/>\ncasas&#8230; por todo iso, e porque sabemos que fostes bos, seremos<br \/>\nxenerosos, todo o xenerosos que permiten estas circunstancias, pero<br \/>\nseguro que chega de sobra para que sexades felices. As\u00ed que estade<br \/>\ntranquilos, o d\u00eda de Reis, cando espertedes, os nosos agasallos estar\u00e1n nas vosas<br \/>\ncasas. Xogade con eles, compart\u00eddeos coa vosa familia, e, con<br \/>\nprudencia, tam\u00e9n cos amigos, se \u00e9<br \/>\nposible.<\/p>\n<p>&nbsp;&nbsp;&nbsp; Porque hoxe, pese<br \/>\na todo, benqueridos nenos e nenas, \u00e9 o voso d\u00eda, a vosa festa;<br \/>\nnesta noite e ma\u00f1\u00e1 todo ten que ser alegr\u00eda e xogo, entusiasmo e<br \/>\nfelicidade. V\u00f3s sodes o mellor exemplo de que entre todos sairemos<br \/>\nadiante. Nas vosas man est\u00e1 o futuro.<\/p>\n<p>&nbsp;&nbsp;&nbsp; Obedecede aos<br \/>\nvosos pais, sede cari\u00f1osos con eles e m\u00e1is coas avoas e av\u00f3s e co<br \/>\nresto da familia. Necesitan m\u00e1is que nunca da vosa presencia, dos<br \/>\nvosos aloumi\u00f1os. Eles dedican as s\u00faas vidas a vosoutros,<br \/>\nagradec\u00e9dellelo. Ben sabedes que a maior felicidade \u00e9 facer felices<br \/>\naos demais.<\/p>\n<p>&nbsp;&nbsp;&nbsp; Tam\u00e9n queremos<br \/>\nmandarvos unha mensaxe a v\u00f3s, nais e pais. O primeiro de todo que<br \/>\nxoguedes cos vosos fillos e fillas, que lles deades protecci\u00f3n e<br \/>\ncari\u00f1o. As vosas criaturas son, xunto coas persoas maiores, as m\u00e1is<br \/>\nvulnerables da sociedade e necesitan de v\u00f3s m\u00e1is que nunca. Por<br \/>\niso, ped\u00edmosvos que te\u00f1ades moito coidado nas vosas relaci\u00f3ns.<br \/>\nSede prudentes nos vosos comportamentos. Non vos expo\u00f1ades<br \/>\ninxustificadamente. Cumpride as normas aconselladas polas autoridades<br \/>\ne expertos sanitarios, non fagades in\u00fatil todo o labor e sacrificio<br \/>\nde tantas persoas que estiveron e est\u00e1n a traballar arreo pola sa\u00fade<br \/>\ne benestar dos demais, persoas a quen nunca compensaremos dabondo<br \/>\npola s\u00faa entrega e a quen mandamos desde aqu\u00ed o noso m\u00e1is<br \/>\nagarimoso agradecemento, Dade exemplos aos vosos fillos e fillas de<br \/>\nmoderaci\u00f3n nos vosos comportamentos, e solidariedade, empat\u00eda e<br \/>\ncompromiso cos m\u00e1is d\u00e9biles e necesitados.<\/p>\n<p>&nbsp;&nbsp;&nbsp; Finalmente,<br \/>\nqueremos mandar tam\u00e9n unha mensaxe \u00e1 clase pol\u00edtica: practicade a<br \/>\nconvivencia serena fronte \u00e1 crispaci\u00f3n. Aparcade diferencias,<br \/>\nvellos rancores e remade todos na mesma direcci\u00f3n Loitade xuntos<br \/>\npara que esta pandemia fomente un maior acercamento emocional entre<br \/>\nos seres humanos. Procurade non radicalizar a\u00ednda m\u00e1is o nivel de<br \/>\nmalestar e inquedanzas en que vivimos, porque o efecto na sociedade<br \/>\npoder\u00eda ser moi dani\u00f1o e pernicioso.<\/p>\n<p>&nbsp;&nbsp;&nbsp; E agora, queridos<br \/>\namigui\u00f1os e amigui\u00f1as, ceade axi\u00f1a, deit\u00e1devos en paz na cama,<br \/>\ncerrade con forza os ollos, durmide placidamente toda a noite, que<br \/>\nma\u00f1\u00e1, ben cedi\u00f1o, teredes os nosos xoguetes nas vosas casas.<\/p>\n<p>&nbsp;&nbsp;&nbsp; Convid\u00e1mosvos a<br \/>\ntodas e todos a traballar, como a ta agora, para que Ribadeo sexa<br \/>\ncada d\u00eda un lugar m\u00e1is agradable e acolledor.<\/p>\n<p>&nbsp;&nbsp;&nbsp; Cun poema<br \/>\n&#8211;<span style=\"text-decoration: none;\">dedicado \u00e1s parroquias e<br \/>\nescrito por Baltasar e Gaspar para distraer a longa viaxe desde<br \/>\nOriente-, acabamos o noso discurso.<\/span><\/p>\n<p align=\"center\"><span style=\"text-decoration: none;\">Seguindo<br \/>\na ruta que marcan<\/span><\/p>\n<p align=\"center\"><span style=\"text-decoration: none;\">as<br \/>\nestreli\u00f1as do ceo<\/span><\/p>\n<p align=\"center\"><span style=\"text-decoration: none;\">deixaremos<br \/>\nagasallos<\/span><\/p>\n<p align=\"center\"><span style=\"text-decoration: none;\">nas<br \/>\ncasas de Ribadeo.<\/span><\/p>\n<p align=\"center\"><span style=\"text-decoration: none;\">Silenciosos<br \/>\ne nocturnos<\/span><\/p>\n<p align=\"center\"><span style=\"text-decoration: none;\">cando<br \/>\nremate o ser\u00e1n<\/span><\/p>\n<p align=\"center\"><span style=\"text-decoration: none;\">visitaremos<br \/>\nas casas<\/span><\/p>\n<p align=\"center\"><span style=\"text-decoration: none;\">de<br \/>\ntodo Vilasel\u00e1n.<\/span><\/p>\n<p align=\"center\"><span style=\"text-decoration: none;\">Seguiremos<br \/>\no cami\u00f1o,<\/span><\/p>\n<p align=\"center\"><span style=\"text-decoration: none;\">viaxando<br \/>\nleira por leira,<\/span><\/p>\n<p align=\"center\"><span style=\"text-decoration: none;\">ata<br \/>\nchegar \u00e1s casi\u00f1as<\/span><\/p>\n<p align=\"center\"><span style=\"text-decoration: none;\">da<br \/>\nparroquia de Pi\u00f1eira.<\/span><\/p>\n<p align=\"center\"><span style=\"text-decoration: none;\">Cargados<br \/>\nvan os cabalos<\/span><\/p>\n<p align=\"center\"><span style=\"text-decoration: none;\">de<br \/>\nxoguetes m\u00e1is de mil<\/span><\/p>\n<p align=\"center\"><span style=\"text-decoration: none;\">para<br \/>\nrepartir arreo<\/span><\/p>\n<p align=\"center\"><span style=\"text-decoration: none;\">por<br \/>\ntodo Vilaframil.<\/span><\/p>\n<p align=\"center\"><span style=\"text-decoration: none;\">Logo<br \/>\niremos silandeiros,<\/span><\/p>\n<p align=\"center\"><span style=\"text-decoration: none;\">o<br \/>\nnoso deber cumprindo,<\/span><\/p>\n<p align=\"center\"><span style=\"text-decoration: none;\">moi<br \/>\npegados \u00e1 ribeira<\/span><\/p>\n<p align=\"center\"><span style=\"text-decoration: none;\">ata<br \/>\nas vivendas de Rinlo.<\/span><\/p>\n<p align=\"center\"><span style=\"text-decoration: none;\">Guiados<br \/>\npor vagalumes<\/span><\/p>\n<p align=\"center\"><span style=\"text-decoration: none;\">que<br \/>\nbrillan como as estrelas,<\/span><\/p>\n<p align=\"center\"><span style=\"text-decoration: none;\">continuaremos<br \/>\ncami\u00f1o<\/span><\/p>\n<p align=\"center\"><span style=\"text-decoration: none;\">\u00e1<br \/>\nparroquia de Covelas.<\/span><\/p>\n<p align=\"center\"><span style=\"text-decoration: none;\">Antes<br \/>\nque se faga d\u00eda<\/span><\/p>\n<p align=\"center\"><span style=\"text-decoration: none;\">un<br \/>\nnobre pulo nos move:<\/span><\/p>\n<p align=\"center\"><span style=\"text-decoration: none;\">visitar<br \/>\nunha por unha<\/span><\/p>\n<p align=\"center\"><span style=\"text-decoration: none;\">todas<br \/>\nas casas de Ove.<\/span><\/p>\n<p align=\"center\"><span style=\"text-decoration: none;\">Mentres<br \/>\na noite pechada<\/span><\/p>\n<p align=\"center\"><span style=\"text-decoration: none;\">o<br \/>\nseu negro manto estende,<\/span><\/p>\n<p align=\"center\"><span style=\"text-decoration: none;\">chegaremos<br \/>\na Santalla,<\/span><\/p>\n<p align=\"center\"><span style=\"text-decoration: none;\">Santalla<br \/>\nde Vilaousende.<\/span><\/p>\n<p align=\"center\"><span style=\"text-decoration: none;\">Pero<br \/>\nnon vos preocupedes,<\/span><\/p>\n<p align=\"center\"><span style=\"text-decoration: none;\">non<br \/>\nnos esquecemos dela,<\/span><\/p>\n<p align=\"center\"><span style=\"text-decoration: none;\">deixaremos<br \/>\nagasallos<\/span><\/p>\n<p align=\"center\"><span style=\"text-decoration: none;\">na<br \/>\nparroquia de Couxela.<\/span><\/p>\n<p align=\"center\"><span style=\"text-decoration: none;\">De<br \/>\naqu\u00ed marcharemos ledos,<\/span><\/p>\n<p align=\"center\"><span style=\"text-decoration: none;\">a<br \/>\ntarefa case feita,<\/span><\/p>\n<p align=\"center\"><span style=\"text-decoration: none;\">para<br \/>\ndeixar os presentas<\/span><\/p>\n<p align=\"center\"><span style=\"text-decoration: none;\">nas<br \/>\nterras de Cedofeita<\/span><\/p>\n<p align=\"center\"><span style=\"text-decoration: none;\">E<br \/>\na esperanza que hoxe brilla<\/span><\/p>\n<p align=\"center\"><span style=\"text-decoration: none;\">coma<br \/>\nse fora un diamante<\/span><\/p>\n<p align=\"center\"><span style=\"text-decoration: none;\">ha<br \/>\nlevarnos finalmente<\/span><\/p>\n<p align=\"center\"><span style=\"text-decoration: none;\">polas<br \/>\ncasi\u00f1as de Arante.<\/span><\/p>\n<p align=\"center\"><span style=\"text-decoration: none;\">Moitos<br \/>\nbicos para todos<\/span><\/p>\n<p align=\"center\"><span style=\"text-decoration: none;\">e<br \/>\npara todas tam\u00e9n.<\/span><\/p>\n<p align=\"center\"><span style=\"text-decoration: none;\">Haxa<br \/>\npaz, felicidade<\/span><\/p>\n<p align=\"center\"><span style=\"text-decoration: none;\">neste<br \/>\nano que v\u00e9n.<\/span><\/p>\n<p align=\"center\"><span style=\"text-decoration: none;\">Aos<br \/>\nmaiores, aos pequenos,<\/span><\/p>\n<p align=\"center\"><span style=\"text-decoration: none;\">aos<br \/>\nbeb\u00e9s, nenas e nenos,<\/span><\/p>\n<p align=\"center\"><span style=\"text-decoration: none;\">a<br \/>\nnacionais e estranxeiros,<\/span><\/p>\n<p align=\"center\"><span style=\"text-decoration: none;\">ribadenses,<br \/>\nforasteiros,<\/span><\/p>\n<p align=\"center\"><span style=\"text-decoration: none;\">desexamos<br \/>\no mellor<\/span><\/p>\n<p align=\"center\"><span style=\"text-decoration: none;\">os<br \/>\nReis Magos de Oriente<\/span><\/p>\n<p align=\"center\"><span style=\"text-decoration: none;\">Gaspar,<br \/>\nBaltas<\/span><span style=\"text-decoration: none;\">a<\/span><span style=\"text-decoration: none;\">r,<br \/>\nMelchor.&#8221;<\/span><\/p>\n<p align=\"center\">\n<p><iframe loading=\"lazy\" allowfullscreen=\"\" class=\"BLOG_video_class\" height=\"456\" src=\"https:\/\/www.youtube.com\/embed\/nMSdhiBU_48\" width=\"548\" youtube-src-id=\"nMSdhiBU_48\"><\/iframe><\/p>\n<p>&nbsp;<\/p>\n","protected":false},"excerpt":{"rendered":"<p>Os discursos de reis son pezas literarias e sociais de primeiro orde. Pode que a s\u00faa edici\u00f3n nun libro quedara moi repetitiva, mais coido que ser\u00eda convinte para trazar unha historia de Ribadeo. Aqu\u00ed queda o deste ano, e abaixo, un pequeno v\u00eddeo da cola para ver \u00f3s reis: &nbsp;&nbsp; &#8220;Moi boas noites, benqueridos amigos [&hellip;]<\/p>\n","protected":false},"author":3,"featured_media":0,"comment_status":"open","ping_status":"closed","sticky":false,"template":"","format":"standard","meta":{"activitypub_content_warning":"","activitypub_content_visibility":"","activitypub_max_image_attachments":3,"activitypub_interaction_policy_quote":"anyone","activitypub_status":"federated","footnotes":""},"categories":[1],"tags":[9],"class_list":["post-4853","post","type-post","status-publish","format-standard","hentry","category-sen-categoria","tag-sociedade"],"_links":{"self":[{"href":"https:\/\/blogs.amarinha.gal\/ribadeando\/wp-json\/wp\/v2\/posts\/4853","targetHints":{"allow":["GET"]}}],"collection":[{"href":"https:\/\/blogs.amarinha.gal\/ribadeando\/wp-json\/wp\/v2\/posts"}],"about":[{"href":"https:\/\/blogs.amarinha.gal\/ribadeando\/wp-json\/wp\/v2\/types\/post"}],"author":[{"embeddable":true,"href":"https:\/\/blogs.amarinha.gal\/ribadeando\/wp-json\/wp\/v2\/users\/3"}],"replies":[{"embeddable":true,"href":"https:\/\/blogs.amarinha.gal\/ribadeando\/wp-json\/wp\/v2\/comments?post=4853"}],"version-history":[{"count":0,"href":"https:\/\/blogs.amarinha.gal\/ribadeando\/wp-json\/wp\/v2\/posts\/4853\/revisions"}],"wp:attachment":[{"href":"https:\/\/blogs.amarinha.gal\/ribadeando\/wp-json\/wp\/v2\/media?parent=4853"}],"wp:term":[{"taxonomy":"category","embeddable":true,"href":"https:\/\/blogs.amarinha.gal\/ribadeando\/wp-json\/wp\/v2\/categories?post=4853"},{"taxonomy":"post_tag","embeddable":true,"href":"https:\/\/blogs.amarinha.gal\/ribadeando\/wp-json\/wp\/v2\/tags?post=4853"}],"curies":[{"name":"wp","href":"https:\/\/api.w.org\/{rel}","templated":true}]}}