{"id":4852,"date":"2021-01-11T09:24:00","date_gmt":"2021-01-11T08:24:00","guid":{"rendered":""},"modified":"2024-11-12T13:06:14","modified_gmt":"2024-11-12T12:06:14","slug":"pandemia-culpas-e-solucions-pablo","status":"publish","type":"post","link":"https:\/\/blogs.amarinha.gal\/ribadeando\/2021\/01\/11\/pandemia-culpas-e-solucions-pablo\/","title":{"rendered":"Pandemia: culpas e soluci\u00f3ns. Pablo Mosquera"},"content":{"rendered":"<p>&nbsp;Pandemia: culpas e soluci\u00f3ns<\/p>\n<p>&nbsp;&nbsp;&nbsp; Mante\u00f1o desde o comezo -marzo 2020- que co\u00f1ecemos a denominada, en<br \/>\nepidemiolog\u00eda, CADEA da enfermidade. Reservorio do axente causal.<br \/>\nCaracter\u00edsticas do virus. Mecanismo de transmisi\u00f3n. Suxeitos infectados e<br \/>\n infecciosos, silentes e con cl\u00ednica. Cadro cl\u00ednico. Complicaci\u00f3ns.<br \/>\nPrevenci\u00f3n. Tratamento. Secuelas. Pero o m\u00e1is grave \u00e9: oleadas habituais<br \/>\n coas que cursan estas enfermidades infecto contagiosas. Morbilidade.<br \/>\nMortalidade.<br \/>\n&nbsp;&nbsp;&nbsp; Ademais, p\u00faxose de manifesto que incide como unha ENFERMIDADE SOCIAL. E<br \/>\nas\u00ed causas, tratamento e prevenci\u00f3n, deben aplicarse no espazo colectivo<br \/>\n da sociedade. Cunha grave determinaci\u00f3n. A colisi\u00f3n entre dereito \u00e1<br \/>\nsa\u00fade e modelo econ\u00f3mico. E engado, desde o punto de vista sociol\u00f3xico:<br \/>\ndivisi\u00f3n conductual nas cohortes poblacionais. Efectos no sistema de<br \/>\nliberdades, informaci\u00f3n, sociabilidade e capacidade do modelo socio<br \/>\nsanitario do que nos dotamos para enfrontar o fen\u00f3meno.<br \/>\n&nbsp;&nbsp;&nbsp; Desde a perspectiva historicista non ser\u00e1 a primeira vez  que  un<br \/>\nmodelo de civilizaci\u00f3n desaparece, escapa migratoriamente, ou \u00e9<br \/>\nconquistada por outros m\u00e1is fortes ou sinxelamente m\u00e1is disciplinados. E a<br \/>\n gran novidade para os que pertencemos a unha xeraci\u00f3n de sanitarios que<br \/>\n co\u00f1eceu as unidades hospitalarias para enfermidades infecciosas, ou nos<br \/>\n tocou enfrontarnos a brotes epid\u00e9micos de: Tifus, Rabia, Hidatidose,<br \/>\nPaludismo, Lepra, Tuberculose, S\u00edfilis, Meninxite, Poliomielite,<br \/>\nViruela, VIH, e desde logo Gripes&#8230; o sistema case se esqueceu de<br \/>\ntales&#8230;<br \/>\n&nbsp;&nbsp;&nbsp; Comet\u00e9ronse graves erros e algunha que outra irregularidade. Non \u00e9 a<br \/>\nmi\u00f1a intenci\u00f3n sinalar culpables. Si arrimar o ombreiro por si cada un<br \/>\nde n\u00f3s facemos o que podemos e debemos na nosa contorna e as\u00ed amosamos<br \/>\nconciencia e mobilizamos responsabilidades colectivas de abaixo cara<br \/>\narriba.&nbsp;<\/p>\n<p>1. Non sexamos ilusos, no mellor dos casos, os efectos da vacinaci\u00f3n tardar\u00e1n seis meses.<br \/>\n2. Non nos deixemos manipular coa euforia pola presenza de vacinas no<br \/>\nmercado. Mentres act\u00faan e se fornecen, a CADEA persiste coa s\u00faa<br \/>\nmorbilidade e mortalidade.<br \/>\n3. Temos un sistema asistencial moi poderoso. Pero limitado en recursos.<br \/>\n Tanto que pode colapsarse. Tanto que pode ter que elixir, por pl\u00e9toras<br \/>\nde enfermos habituais e pand\u00e9micos, a quen atende nunha escala que<br \/>\ncomeza en urxencias, contin\u00faa nas unidades habituais de atenci\u00f3n e, \u00f3<br \/>\npeor, nas tan levadas e tra\u00eddas UCIs.<br \/>\n4. Non temos dereito a sobrecargar aos sanitarios. Polo perigo que<br \/>\nsoportan como primeira li\u00f1a que se infecta. Pola limitaci\u00f3n das forzas<br \/>\nf\u00edsicas e ps\u00edquicas ante a avalancha. Pola desmoralizaci\u00f3n que sofren ao<br \/>\n ver, mentres loitan contra a enfermidade, a sociedade esixe e pr\u00e1ctica<br \/>\ncondutas ego\u00edstas, incluso incr\u00e9dulas. <\/p>\n<p>5. Mentres non se descubra un f\u00e1rmaco que destr\u00faa ao axente causal, a<br \/>\nprimeira ferramenta que dispo\u00f1emos \u00e9 a de evitar o contaxio, para o que<br \/>\nnon hai m\u00e1is remedio que recorrer ao vello ILLAMENTO, dos infectados,<br \/>\ndos susceptibles para infectarse. <\/p>\n<p>6. Comprendo que determinados sectores da econom\u00eda sofren destruci\u00f3n.<br \/>\nPero a\u00ednda as\u00ed hai que preguntar que o \u00e9 irreversible. O modelo econ\u00f3mico<br \/>\nou a morte? E d\u00edgoo por escoitar nas nosas r\u00faas: &#8220;Non te\u00f1o nada que<br \/>\nperder&#8230; estannos matando de fame&#8221;.<\/p>\n<p>7. Nada volver\u00e1 ser igual. Far\u00edannos un favor os que mandan se deixasen<br \/>\n de intervir, e fosen os expertos en sa\u00fade p\u00fablica quenes tomasen o mando.<br \/>\n Investisen, con car\u00e1cter de prioridad absoluta, os recursos necesarios<br \/>\nen investigar para dar co remedio. Pensemos o que se logrou nun tempo<br \/>\nrecord en laboratorios que buscaron unha vacuna.          <\/p>\n<p>8. Non preguntemos que est\u00e1 facendo o pa\u00eds por n\u00f3s; preguntemos que<br \/>\ndebemos facer cada un de n\u00f3s polo pa\u00eds -discurso de JFK- E auto<br \/>\nconfinemos os nosos movementos, xa que a movilidad e os contactos<br \/>\nhumanos son o n\u00facleo intangible da enfermidade e a s\u00faa transmisi\u00f3n.<\/p>\n<p>9. Como sempre. As vacunas foron un dos grandes descubrimentos da<br \/>\nhumanidade para modificar as horribles &#8220;pestes&#8221;. VACUN\u00c9MONOS, e<br \/>\nprediquemos coa nosa iniciativa.<\/p>\n<p>10. As enfermidades do terceiro mundo, en calquera momento poden<br \/>\nabordelar o noso. O peor que nos pode pasar \u00e9, ignoralo por prepotencia<br \/>\nde civilizaci\u00f3n superior, e convertelo en arma arreboladiza, m\u00e1is al\u00f3 do<br \/>\n voto, para castigar, desgastar e expulsar aos que gobernan. Debemos<br \/>\nesixir que ante un grav\u00edsimo problema de estado, se apliquen GRANDES<br \/>\nACORDOS DE ESTADO.<\/p>\n","protected":false},"excerpt":{"rendered":"<p>&nbsp;Pandemia: culpas e soluci\u00f3ns &nbsp;&nbsp;&nbsp; Mante\u00f1o desde o comezo -marzo 2020- que co\u00f1ecemos a denominada, en epidemiolog\u00eda, CADEA da enfermidade. Reservorio do axente causal. Caracter\u00edsticas do virus. Mecanismo de transmisi\u00f3n. Suxeitos infectados e infecciosos, silentes e con cl\u00ednica. Cadro cl\u00ednico. Complicaci\u00f3ns. Prevenci\u00f3n. Tratamento. Secuelas. Pero o m\u00e1is grave \u00e9: oleadas habituais coas que cursan estas [&hellip;]<\/p>\n","protected":false},"author":3,"featured_media":0,"comment_status":"open","ping_status":"closed","sticky":false,"template":"","format":"standard","meta":{"activitypub_content_warning":"","activitypub_content_visibility":"","activitypub_max_image_attachments":3,"activitypub_interaction_policy_quote":"anyone","activitypub_status":"federated","footnotes":""},"categories":[1],"tags":[75,14],"class_list":["post-4852","post","type-post","status-publish","format-standard","hentry","category-sen-categoria","tag-coronavirus","tag-pablo-mosquera"],"_links":{"self":[{"href":"https:\/\/blogs.amarinha.gal\/ribadeando\/wp-json\/wp\/v2\/posts\/4852","targetHints":{"allow":["GET"]}}],"collection":[{"href":"https:\/\/blogs.amarinha.gal\/ribadeando\/wp-json\/wp\/v2\/posts"}],"about":[{"href":"https:\/\/blogs.amarinha.gal\/ribadeando\/wp-json\/wp\/v2\/types\/post"}],"author":[{"embeddable":true,"href":"https:\/\/blogs.amarinha.gal\/ribadeando\/wp-json\/wp\/v2\/users\/3"}],"replies":[{"embeddable":true,"href":"https:\/\/blogs.amarinha.gal\/ribadeando\/wp-json\/wp\/v2\/comments?post=4852"}],"version-history":[{"count":0,"href":"https:\/\/blogs.amarinha.gal\/ribadeando\/wp-json\/wp\/v2\/posts\/4852\/revisions"}],"wp:attachment":[{"href":"https:\/\/blogs.amarinha.gal\/ribadeando\/wp-json\/wp\/v2\/media?parent=4852"}],"wp:term":[{"taxonomy":"category","embeddable":true,"href":"https:\/\/blogs.amarinha.gal\/ribadeando\/wp-json\/wp\/v2\/categories?post=4852"},{"taxonomy":"post_tag","embeddable":true,"href":"https:\/\/blogs.amarinha.gal\/ribadeando\/wp-json\/wp\/v2\/tags?post=4852"}],"curies":[{"name":"wp","href":"https:\/\/api.w.org\/{rel}","templated":true}]}}