{"id":4846,"date":"2021-01-15T10:28:00","date_gmt":"2021-01-15T09:28:00","guid":{"rendered":""},"modified":"2024-11-12T13:06:04","modified_gmt":"2024-11-12T12:06:04","slug":"catastrofes-y-ciudadania-diario-de-un","status":"publish","type":"post","link":"https:\/\/blogs.amarinha.gal\/ribadeando\/2021\/01\/15\/catastrofes-y-ciudadania-diario-de-un\/","title":{"rendered":"CAT\u00c1STROFES Y CIUDADAN\u00cdA. Diario de un confinado en Olavide. \u00c1ngel Alda"},"content":{"rendered":"<p>&nbsp;<\/p>\n<table align=\"center\" cellpadding=\"0\" cellspacing=\"0\" class=\"tr-caption-container\" style=\"margin-left: auto; margin-right: auto;\">\n<tbody>\n<tr>\n<td style=\"text-align: center;\"><a href=\"https:\/\/blogger.googleusercontent.com\/img\/b\/R29vZ2xl\/AVvXsEgHqu5AdPjo4zUkHuDi-jX5K8FFfVD50uhSJhISJkFW1036OCEVw18bhfRCTOiEWn2TlrR5ICgoi6YC3ZckK9jqvzrIVzaBrTBtTVbeWA859L5pqH1z8V2ST1u5egKy6qnG2U2ECg\/s2048\/cat%25C3%25A1strofes+y+ciudadan%25C3%25ADa.jpeg\" imageanchor=\"1\" style=\"margin-left: auto; margin-right: auto;\"><img loading=\"lazy\" decoding=\"async\" height=\"507\" src=\"https:\/\/blogger.googleusercontent.com\/img\/b\/R29vZ2xl\/AVvXsEgHqu5AdPjo4zUkHuDi-jX5K8FFfVD50uhSJhISJkFW1036OCEVw18bhfRCTOiEWn2TlrR5ICgoi6YC3ZckK9jqvzrIVzaBrTBtTVbeWA859L5pqH1z8V2ST1u5egKy6qnG2U2ECg\/s2048\/cat%25C3%25A1strofes+y+ciudadan%25C3%25ADa.jpeg\" width=\"577\" \/><\/a><\/td>\n<\/tr>\n<tr>\n<td class=\"tr-caption\" style=\"text-align: center;\"><span style=\"font-size: x-small;\">Lo mejor de estos d\u00edas, y me quiero fijar en lo positivo, es la presencia de los vecinos en las tareas de rehabilitaci\u00f3n de la ciudad de Madrid.<\/span><\/td>\n<\/tr>\n<\/tbody>\n<\/table>\n<p>CAT\u00c1STROFES Y CIUDADAN\u00cdA.<\/p>\n<p>&nbsp;&nbsp; En el mismo d\u00eda que los pron\u00f3sticos meteorol\u00f3gicos anunciaban la Gran Nevada que acababa de nacer en Am\u00e9rica del Norte, las autoridades madrile\u00f1as se marcaban un baile, una especie de pavana, ojo corrector no me pongas pavada, con los Reyes Magos de Oriente.<\/p>\n<p>&nbsp; Algo as\u00ed como el Titanic en v\u00edsperas de naufragio. El espect\u00e1culo de la pol\u00edtica o la pol\u00edtica del espect\u00e1culo, ya no se como decir. Hoy el naufragio espectacular de la ciudad est\u00e1 a la vista de todos.<\/p>\n<p>&nbsp; Perdonen que les hable de Madrid. Muchas veces parece que los madrile\u00f1os fu\u00e9semos las estrellas invitadas de todo sarao. Es cansino. Tambi\u00e9n es cierto que estamos hablando de una nevada in\u00e9dita hasta para los muy mayores con capacidad de recordar. Nac\u00ed en un mes de enero de hace casi setenta a\u00f1os. La leyenda familiar dice que mi madre lleg\u00f3 a la maternidad de Santa Cristina al borde del acontecimiento sin la compa\u00f1\u00eda de mi padre que estaba en cama con una grave pulmon\u00eda. Nadie pudo ir a verla y alargaron la estancia hospitalaria hasta que las calles estuvieron operativas.<\/p>\n<p>&nbsp;&nbsp; No es muy com\u00fan el nombre de Filomena pero con tantos a\u00f1os alguna se ha cruzado en mi vida antes que la Filomena de la Gran Nevada.<\/p>\n<p>&nbsp;&nbsp; Mi t\u00eda abuela Filomena era, como mi madre, natural del mismo Puerto de Pajares. Uno de los lugares con m\u00e1s precipitaciones de nieve de Espa\u00f1a. Fue la primera de la familia que vino a vivir a Madrid en los a\u00f1os treinta y la que anim\u00f3 a dos de sus muchas sobrinas a hacer lo mismo en los cuarenta. Viv\u00eda en la Ciudad Lineal y la llam\u00e1bamos la t\u00eda del pueblo. No creas que era en homenaje a su lugar natal. Era la definici\u00f3n que mejor cuadraba a aquel barrio donde resid\u00eda con su marido, un trabajador de los tranv\u00edas de Madrid que se qued\u00f3 viudo con unos cuantos hijos a los que le toc\u00f3 cuidar. Para nosotros eran nuestros primos. Viv\u00edan en una casita baja con una enorme, para la visi\u00f3n de un ni\u00f1o, claro, parcela en la que criaban gallinas y manten\u00edan su huerto. Ten\u00edan perros, un enorme perro de lanas, y gatos. Para nosotros era una fiesta cada vez que ten\u00edamos que ir. Era lo m\u00e1s parecido a un pueblo que pod\u00eda imaginar un ni\u00f1o de barrio. Era una mujer de car\u00e1cter, de imponente presencia. Me enter\u00e9 pasados los a\u00f1os que hab\u00eda quitado de su apellido compuesto Garc\u00eda del Pulgar la parte digital. No se si para eliminar el origen noble o por huir de lo feo y vulgar del mismo. Durante la guerra dirigi\u00f3 un economato y no dud\u00f3 en llevar pistola para mantener el orden.<\/p>\n<p>&nbsp;&nbsp; Conoc\u00ed a otra Filomena muy relacionada con la nieve y las monta\u00f1as. No en vano llevaba Arias de apellido. Si. Los Arias de Navacerrada, mesoneros, esquiadores de \u00e9xito y todav\u00eda hoy empresarios del invierno. Mis queridos amigos, los hijos de Filo, los hermanos Cu\u00f1at, han disfrutado estos d\u00edas como los ni\u00f1os que un d\u00eda aprendieron a esquiar antes que a andar.<\/p>\n<p>&nbsp;&nbsp; Una de las cosas m\u00e1s sorprendentes de estos d\u00edas, del debate p\u00fablico sobre la hist\u00f3rica nevada, es escuchar, en palabras de periodistas y hasta de pol\u00edticos, una especie de moci\u00f3n de censura a las tesis de cambio clim\u00e1tico. \u00bfC\u00f3mo va a ser cierto lo del calentamiento global con la que est\u00e1 cayendo y el fr\u00edo que hace?<\/p>\n<p>&nbsp;&nbsp; Mejor que hablen los expertos con sus propias palabras:<\/p>\n<p>&nbsp;&nbsp; <em>&#8220;\u00bfC\u00f3mo combinan fr\u00edo extremo y calor creciente? La conexi\u00f3n no es directa, pero es indudable. El calentamiento trae consigo un debilitamiento de la \u201ccorriente en chorro\u201d, esa corriente de aire que se da en la estratosfera y permite separar las regiones polares de las templadas. Dicho debilitamiento favorece la formaci\u00f3n de \u201cvaguadas\u201d, \u00e1reas anticicl\u00f3nicas que se forman debido al ascenso de aire c\u00e1lido y h\u00famedo. De esta forma, grandes masas de aire fr\u00edo provenientes del norte entran en contacto con masas de aire c\u00e1lido y h\u00famedo provenientes del sur. Por un lado se obtienen r\u00e9cords de bajas temperaturas provocados directamente por ese aire fr\u00edo que cada vez llega a latitudes m\u00e1s sure\u00f1as y, por otro, se obtienen precipitaciones hist\u00f3ricas, en forma de lluvia o de nieve.&#8221; <\/em><br \/>\nCarlos Mataix, Cristina Monge, Fernando Valladares en El Pa\u00eds.<\/p>\n<p>&nbsp;&nbsp; Los acontecimientos extremos van a multiplicarse. Mejor que nos pongamos las pilas. Eso no quiere decir que nuestro pa\u00eds tenga que adaptar los mismos sistemas preventivos y paliativos de pa\u00edses que sufren estos incidentes con normalidad. Pero si merece la pena tener capacidad y mentalidad para responder de manera eficiente a estas cat\u00e1strofes. Herramientas y movilizaci\u00f3n social. Empleo comunitario. Redes ciudadanas de emergencia. Y sobre todo liderazgo y no postureo. Justo lo contrario de lo que estamos viendo los madrile\u00f1os. A seis d\u00edas del fin de la nevada la ciudad sigue en gran medida paralizada. Esta ma\u00f1ana un consejero de la autonom\u00eda aconsejaba &#8216;resignaci\u00f3n&#8217;. Que gran palabra y que concepto tan precario.<\/p>\n<p>&nbsp;&nbsp; En maldita hora se me ocurri\u00f3 hacerme eco en Twitter de una noticia de la Sexta, la Secta como la llaman algunos, en la que se hablaba de graves problemas de gesti\u00f3n de suministros de comida para pacientes y personal del famoso hospital Zendal, asombro del mundo mundial. El mismo director del hospital y un antiguo concejal del PP de Madrid con el que mantengo cordiales relaciones, me negaron la noticia con todo respeto y educaci\u00f3n. Pero una turba de usuarios de la red se dedicaron a reproches entre los cuales el m\u00e1s cari\u00f1oso era el de miserable. Yo dec\u00eda que eran informaciones recogidas de un medio. Y, adem\u00e1s, cuando pude asegurarme de que eran un bulo me apresur\u00e9 a desmentirlo y a pedir disculpas. De los insultos, ninguno de mis amables comunicantes se ha apeado.<\/p>\n<p>&nbsp;&nbsp; Me lleva este incidente, ll\u00e1menlo an\u00e9cdota si quieren, a pensar dos cosas. Primero, como somos capaces de tragar informaciones falsas con tal que coincidan con nuestra forma de entender la vida. Y segundo, la brutalidad de las reacciones de muchos a la hora de enfrentar el debate p\u00fablico, la necesidad de se\u00f1alar al adversario, de marcarlo y demonizarlo. Muy triste y, sobre todo, muy poco saludable. Las sociedades mueren de eso.<\/p>\n<p>&nbsp;&nbsp; Mucho nos queda por discurrir en torno a las redes sociales y c\u00f3mo han cambiado las reglas de juego del debate pol\u00edtico y social. Pero tendr\u00e1 que ser otro d\u00eda.<\/p>\n<p>&nbsp;&nbsp; Cuidado con el hielo. El de abajo del suelo y el de las cornisas. No sabemos si es peor partirse por debajo o por arriba.<\/p>\n<p>&nbsp;&nbsp; Besos para todas.<\/p>\n<p>&nbsp;&nbsp; \u00c1ngel<\/p>\n","protected":false},"excerpt":{"rendered":"<p>&nbsp; Lo mejor de estos d\u00edas, y me quiero fijar en lo positivo, es la presencia de los vecinos en las tareas de rehabilitaci\u00f3n de la ciudad de Madrid. CAT\u00c1STROFES Y CIUDADAN\u00cdA. &nbsp;&nbsp; En el mismo d\u00eda que los pron\u00f3sticos meteorol\u00f3gicos anunciaban la Gran Nevada que acababa de nacer en Am\u00e9rica del Norte, las autoridades [&hellip;]<\/p>\n","protected":false},"author":3,"featured_media":0,"comment_status":"open","ping_status":"closed","sticky":false,"template":"","format":"standard","meta":{"activitypub_content_warning":"","activitypub_content_visibility":"","activitypub_max_image_attachments":3,"activitypub_interaction_policy_quote":"anyone","activitypub_status":"federated","footnotes":""},"categories":[1],"tags":[35,75],"class_list":["post-4846","post","type-post","status-publish","format-standard","hentry","category-sen-categoria","tag-angel-alda","tag-coronavirus"],"_links":{"self":[{"href":"https:\/\/blogs.amarinha.gal\/ribadeando\/wp-json\/wp\/v2\/posts\/4846","targetHints":{"allow":["GET"]}}],"collection":[{"href":"https:\/\/blogs.amarinha.gal\/ribadeando\/wp-json\/wp\/v2\/posts"}],"about":[{"href":"https:\/\/blogs.amarinha.gal\/ribadeando\/wp-json\/wp\/v2\/types\/post"}],"author":[{"embeddable":true,"href":"https:\/\/blogs.amarinha.gal\/ribadeando\/wp-json\/wp\/v2\/users\/3"}],"replies":[{"embeddable":true,"href":"https:\/\/blogs.amarinha.gal\/ribadeando\/wp-json\/wp\/v2\/comments?post=4846"}],"version-history":[{"count":0,"href":"https:\/\/blogs.amarinha.gal\/ribadeando\/wp-json\/wp\/v2\/posts\/4846\/revisions"}],"wp:attachment":[{"href":"https:\/\/blogs.amarinha.gal\/ribadeando\/wp-json\/wp\/v2\/media?parent=4846"}],"wp:term":[{"taxonomy":"category","embeddable":true,"href":"https:\/\/blogs.amarinha.gal\/ribadeando\/wp-json\/wp\/v2\/categories?post=4846"},{"taxonomy":"post_tag","embeddable":true,"href":"https:\/\/blogs.amarinha.gal\/ribadeando\/wp-json\/wp\/v2\/tags?post=4846"}],"curies":[{"name":"wp","href":"https:\/\/api.w.org\/{rel}","templated":true}]}}