{"id":4839,"date":"2021-01-22T12:05:00","date_gmt":"2021-01-22T11:05:00","guid":{"rendered":""},"modified":"2024-11-12T13:05:46","modified_gmt":"2024-11-12T12:05:46","slug":"vacunemonos-todos-en-la-lucha-final","status":"publish","type":"post","link":"https:\/\/blogs.amarinha.gal\/ribadeando\/2021\/01\/22\/vacunemonos-todos-en-la-lucha-final\/","title":{"rendered":"\ud83c\udfb6\ud83c\udfb5Vacun\u00e9monos todos en la lucha final\ud83c\udfb5\ud83c\udfb6  Diario de un confinado en Olavide. \u00c1ngel Alda"},"content":{"rendered":"<p>&nbsp;\ud83c\udfb6\ud83c\udfb5Vacun\u00e9monos todos en la lucha final\ud83c\udfb5\ud83c\udfb6<\/p>\n<table align=\"center\" cellpadding=\"0\" cellspacing=\"0\" class=\"tr-caption-container\" style=\"margin-left: auto; margin-right: auto;\">\n<tbody>\n<tr>\n<td style=\"text-align: center;\"><a href=\"https:\/\/blogger.googleusercontent.com\/img\/b\/R29vZ2xl\/AVvXsEh3wck-ttgll00r8EENkPoo7A4N9GvB6lZnuSoJAaPLBb9gpzIW4To3AVHguuTvLPSLMxxi9eOUuMY7us9I6J9HxUfXY5lrASZpWL5ae7XuQ3t0J2gmdmPuiQwYSthMv5KPfctANQ\/s2048\/accidente+en+calle+Toledo.jpeg\" imageanchor=\"1\" style=\"margin-left: auto; margin-right: auto;\"><img loading=\"lazy\" decoding=\"async\" height=\"553\" src=\"https:\/\/blogger.googleusercontent.com\/img\/b\/R29vZ2xl\/AVvXsEh3wck-ttgll00r8EENkPoo7A4N9GvB6lZnuSoJAaPLBb9gpzIW4To3AVHguuTvLPSLMxxi9eOUuMY7us9I6J9HxUfXY5lrASZpWL5ae7XuQ3t0J2gmdmPuiQwYSthMv5KPfctANQ\/s2048\/accidente+en+calle+Toledo.jpeg\" width=\"311\" \/><\/a><\/td>\n<\/tr>\n<tr>\n<td class=\"tr-caption\" style=\"text-align: center;\"><span style=\"font-size: x-small;\">Foto del accidente en la calle Toledo. Me la envi\u00f3 mi amiga Vicky, vecina del barrio.<\/span><\/td>\n<\/tr>\n<\/tbody>\n<\/table>\n<p>&nbsp;&nbsp; 22 de enero de 2021<\/p>\n<p>&nbsp;&nbsp; De vez en cuando en Espa\u00f1a parece que sufrimos ataques de esencialismo y recuperaci\u00f3n de las viejas tradiciones. Y como nuestra historia es como es, nos acordamos, cuando el retorno viene en clave heroica, de Numancia, Sagunto o Baler. Y si viene en clave chunga recuperamos a Rinconete o al Lazarillo de Tormes. Creo que nos hemos aburrido del hero\u00edsmo de los duros meses del Confinamiento y conjuramos su recuerdo mediante los episodios actuales de asalto a las colas y los turnos de la vacunaci\u00f3n. Mires donde mires, Bilbao, Murcia, Madrid o Ceuta, contemplas el divertido espect\u00e1culo del concejal, el alcalde, el director de centro residencial o el consejero convertidos en asaltajeringas. Deprimente y todo un s\u00edntoma de que a nosotros las pel\u00edculas de naufragios nos la sopla. Enseguida se nos olvida que el \u00faltimo en saltar del barco es el capit\u00e1n.<\/p>\n<p>&nbsp;&nbsp; Eso por no hablar del arranque de la campa\u00f1a de vacunaci\u00f3n que nos est\u00e1 poniendo en evidencia. Presidentes de Comunidad Aut\u00f3noma que, prudentes ellos, calculan la posibilidad de la suspensi\u00f3n de suministros de vacunas y retienen parte del stock que les facilita el gobierno de la naci\u00f3n. Alguno hay, incluso, que prefiere esperar a conocer qu\u00e9 reacciones sufren los afortunados que reciben el pinchazo. No vaya a ser que los estudios previos no se hayan dado cuenta de los riesgos. Ignoramos qu\u00e9 cosa podr\u00edan hacer si esa hip\u00f3tesis resultase cierta. En esas estamos. A ritmo de prudencia calculo que para el 2026 reciban la vacuna los ni\u00f1os que hoy se apretujan en las nuevas atracciones del parque infantil que han instalado en la plaza de Olavide. Y eso siempre que no se cuelen muchos alcaldes y paniaguados en el orden de prelaci\u00f3n de la campa\u00f1a que ya vemos que por ah\u00ed van los tiros. Incluso alguno como el finado Albert Rivera pide que la sociedad cambie el orden tradicional del salvamento en la mar y suba a las lanchas de salvamento a los capitanes del barco primero. <\/p>\n<p>&nbsp;&nbsp; No es dif\u00edcil entender que nuestros ciudadanos tengan, tengamos, lo que llaman fatiga pand\u00e9mica. Yo lo llamar\u00eda de alguna forma m\u00e1s testicular. Vemos que los vascos tienen que abandonar las calles a las diez de la noche mientras los madrile\u00f1os esperamos a las once y los de Valladolid y Burgos a las ocho. Que en Valencia las tiendas cierran a las seis y en Sevilla entre las tres y las cinco. No soy quien para poner en cuesti\u00f3n estas medidas. Creo en el estado federal y parece que la experiencia est\u00e1 contribuyendo a fortalecer, a esclarecer que dec\u00edamos antiguamente, en el \u00e1nimo de los espa\u00f1oles el sentido y el significado de lo Federal. O de otra cosa tambi\u00e9n muy conocida en nuestra historia como el cantonalismo. <\/p>\n<p>&nbsp;&nbsp; La verdad es que somos unos ciudadanos muy resignados. La resignaci\u00f3n se ha convertido en la principal virtud c\u00edvica de nuestro tiempo.<\/p>\n<p>&nbsp;&nbsp; Comentaba la semana pasada sobre el asunto de las redes sociales. Sobre los riesgos de ser observados a trav\u00e9s de ellas. Observados, manipulados y explotados comercialmente. Lo preocupante de WhatsApp no es tanto los cambios propuestos por el operador para la integraci\u00f3n en Facebook sino todos los datos que de origen viene ya extrayendo de nuestras comunicaciones. <\/p>\n<p>&nbsp;&nbsp; Escribir correos y hablar por tel\u00e9fono con seguridad y privacidad nos ha costado el trabajo de muchas generaciones de usuarios exigentes y de gobernantes comprometidos a lo largo de siglos. Tengo los a\u00f1os suficientes como para haber sufrido los rigores de la censura postal y telef\u00f3nica. Somos posiblemente las primeras generaciones en siglos que asumimos la confidencialidad y la seguridad en nuestras comunicaciones como parte de la normalidad. Y de repente nos encontramos con herramientas que van a sustituir a esas redes hist\u00f3ricas del correo postal y del tel\u00e9fono fijo y ya no tenemos seguridad en nada. A mi se me abren las venas y no s\u00e9 cu\u00e1l es la soluci\u00f3n. Puede que sea mejor que exista un tejido empresarial diversificado de empresas proveedoras de sistemas de comunicaciones digitales que se controlen unas a otras. Y por supuesto, mejor que tuvi\u00e9semos gobiernos y organismos multilaterales que se ocuparan de garantizar la confidencialidad. Mientras eso llega, recemos. Bueno, hay otra soluci\u00f3n. El anacoretismo. Conozco a unos cuantos que la practican. Dicen que son felices.<\/p>\n<p>&nbsp;&nbsp; Y ahora las despedidas. Mientras escribo, un edificio de la calle Toledo ha reventado y se ha llevado por delante la vida de cuatro personas. Alguno de ellos sacerdote residente en la comunidad parroquial que ha sufrido la tragedia y alg\u00fan otro pobre peat\u00f3n que circulaba por la calle. Soy un enamorado de esa esquina del barrio del mal suceso. El barrio de la Iglesia de la Paloma, \u00faltimo reducto de las tradiciones festivas madrile\u00f1as. Zarzueleras y verbeneras, todo lo que ustedes quieran, pero sobre todo solidarias. Barrio de transici\u00f3n entre el Madrid eclesi\u00e1stico y cortesano que llega por la calle de San Francisco y el Madrid viejo de los mercados y los barrios bajos que fluye calle Toledo abajo hacia el Rastro y las Injurias, tan literario y popular. Esa cu\u00f1a contiene el secreto del viejo Madrid mesocr\u00e1tico. Que pena. Pobres curas, pobres vecinos. Y bravo por los bomberos, tan devotos ellos de la Virgen de la Paloma. <\/p>\n<p>&nbsp;&nbsp; Alguna vez me asalta una vieja pasi\u00f3n po\u00e9tica. Les dejo con unos versos de \u00faltima hora.<\/p>\n<p>&nbsp;&nbsp; <em>Pens\u00f3 que ya era el tiempo de conocer la primavera y se mud\u00f3 a vivir en su balc\u00f3n del sur.<\/p>\n<p>&nbsp;&nbsp; Y por el amor que anhelaba volvi\u00f3 la cabeza a la edad fuerte y llor\u00f3 desalentado en los setos del desierto.<\/p>\n<p>&nbsp;&nbsp; En el balc\u00f3n y en el seto su mirada encontr\u00f3 un libro escrito en una lengua rara.<\/p>\n<p>&nbsp;&nbsp; Tuvo que aprender un nuevo idioma con el que apropiarse de la primavera. <\/p>\n<p>&nbsp;&nbsp; Y del amor.<\/em><\/p>\n<p>&nbsp;&nbsp; POSDATA<\/p>\n<p>&nbsp;&nbsp; \u2026 Se fue el caim\u00e1n&#8230;y lleg\u00f3 un se\u00f1or que, casualmente, se parece mucho a mi padre. <\/p>\n<p>&nbsp;&nbsp; Besos a todas<\/p>\n<p>&nbsp;&nbsp; \u00c1ngel<\/p><\/p>\n","protected":false},"excerpt":{"rendered":"<p>&nbsp;\ud83c\udfb6\ud83c\udfb5Vacun\u00e9monos todos en la lucha final\ud83c\udfb5\ud83c\udfb6 Foto del accidente en la calle Toledo. Me la envi\u00f3 mi amiga Vicky, vecina del barrio. &nbsp;&nbsp; 22 de enero de 2021 &nbsp;&nbsp; De vez en cuando en Espa\u00f1a parece que sufrimos ataques de esencialismo y recuperaci\u00f3n de las viejas tradiciones. Y como nuestra historia es como es, nos [&hellip;]<\/p>\n","protected":false},"author":3,"featured_media":0,"comment_status":"open","ping_status":"closed","sticky":false,"template":"","format":"standard","meta":{"activitypub_content_warning":"","activitypub_content_visibility":"","activitypub_max_image_attachments":3,"activitypub_interaction_policy_quote":"anyone","activitypub_status":"federated","footnotes":""},"categories":[1],"tags":[35,75,32,9],"class_list":["post-4839","post","type-post","status-publish","format-standard","hentry","category-sen-categoria","tag-angel-alda","tag-coronavirus","tag-filosofia","tag-sociedade"],"_links":{"self":[{"href":"https:\/\/blogs.amarinha.gal\/ribadeando\/wp-json\/wp\/v2\/posts\/4839","targetHints":{"allow":["GET"]}}],"collection":[{"href":"https:\/\/blogs.amarinha.gal\/ribadeando\/wp-json\/wp\/v2\/posts"}],"about":[{"href":"https:\/\/blogs.amarinha.gal\/ribadeando\/wp-json\/wp\/v2\/types\/post"}],"author":[{"embeddable":true,"href":"https:\/\/blogs.amarinha.gal\/ribadeando\/wp-json\/wp\/v2\/users\/3"}],"replies":[{"embeddable":true,"href":"https:\/\/blogs.amarinha.gal\/ribadeando\/wp-json\/wp\/v2\/comments?post=4839"}],"version-history":[{"count":0,"href":"https:\/\/blogs.amarinha.gal\/ribadeando\/wp-json\/wp\/v2\/posts\/4839\/revisions"}],"wp:attachment":[{"href":"https:\/\/blogs.amarinha.gal\/ribadeando\/wp-json\/wp\/v2\/media?parent=4839"}],"wp:term":[{"taxonomy":"category","embeddable":true,"href":"https:\/\/blogs.amarinha.gal\/ribadeando\/wp-json\/wp\/v2\/categories?post=4839"},{"taxonomy":"post_tag","embeddable":true,"href":"https:\/\/blogs.amarinha.gal\/ribadeando\/wp-json\/wp\/v2\/tags?post=4839"}],"curies":[{"name":"wp","href":"https:\/\/api.w.org\/{rel}","templated":true}]}}