{"id":4838,"date":"2021-01-23T10:09:00","date_gmt":"2021-01-23T09:09:00","guid":{"rendered":""},"modified":"2024-11-12T13:05:44","modified_gmt":"2024-11-12T12:05:44","slug":"progresion-do-coronavirus-en-ribadeo-iv","status":"publish","type":"post","link":"https:\/\/blogs.amarinha.gal\/ribadeando\/2021\/01\/23\/progresion-do-coronavirus-en-ribadeo-iv\/","title":{"rendered":"Progresi\u00f3n do coronavirus en Ribadeo (IV)"},"content":{"rendered":"<p>&nbsp;&nbsp; Os datos var\u00edan, fanse vellos antes de ser publicados, porque corresponden a casos observados d\u00edas atr\u00e1s&#8230; Hai que ver a tendencia a longo prazo, e non sirven moito as predici\u00f3ns estat\u00edsticas individuais&nbsp; para un concello coas normas cambiantes, precisamente ditadas para tentar cambiar a forma das gr\u00e1ficas e con elo, as espectativas vitais. A li\u00f1a de axuste \u00e9 m\u00e1is unha constataci\u00f3n que unha proxecci\u00f3n. Unha constataci\u00f3n que se vai voltando m\u00e1is complicada de representar s\u00f3 porque hai m\u00e1is datos acumulados no tempo.<\/p>\n<p><a href=\"https:\/\/blogger.googleusercontent.com\/img\/b\/R29vZ2xl\/AVvXsEhD9Si8JXf42Ee7vAIpvbl46-rQoXrUBoKe7qcTre-k3hMbXAas-qp1nEZiySjMH3dXe2YkyGWl51yFtMKsQ7Tb4ABKOzuuuzducYfQb0SpenBBFC5t5xADDKgWJGX_06PthRE7JA\/s2048\/p%25C3%25B1rogresi%25C3%25B3n+coronavirus.jpg\" imageanchor=\"1\" style=\"margin-left: 1em; margin-right: 1em;\"><img loading=\"lazy\" decoding=\"async\" height=\"322\" src=\"https:\/\/blogger.googleusercontent.com\/img\/b\/R29vZ2xl\/AVvXsEhD9Si8JXf42Ee7vAIpvbl46-rQoXrUBoKe7qcTre-k3hMbXAas-qp1nEZiySjMH3dXe2YkyGWl51yFtMKsQ7Tb4ABKOzuuuzducYfQb0SpenBBFC5t5xADDKgWJGX_06PthRE7JA\/s2048\/p%25C3%25B1rogresi%25C3%25B3n+coronavirus.jpg\" width=\"582\" \/><\/a><\/p>\n<p>&nbsp;&nbsp; Fala o alcalde na \u00faltima nota emitida con data de antonte (outra cousa \u00e9 cando se colgou na web) &#8220;<em>Estamos observando xa que logo, un descenso de casos neste gromo no<br \/>\nHospital Asilo ao tempo que un incremento paseni\u00f1o e continuado dos<br \/>\ncontaxios no conxunto do Concello<\/em>&#8220;. Pois depende. Nos \u00faltimos d\u00edas, si, e non tan paseni\u00f1o. Pero en total, no concello, os 29 casos da primeira semana non foron superados a\u00ednda despois. Claro que inclu\u00edan \u00e1 xente do Hospital Asilo.<\/p>\n<p>&nbsp;&nbsp; Deixo a <a href=\"http:\/\/ribadeo.gal\/actualidade\/nova.php?id=3801&amp;lg=gal\" rel=\"nofollow noopener\" target=\"_blank\">nota da alcald\u00eda<\/a> a continuaci\u00f3n, e as <a href=\"https:\/\/blogs.amarinha.gal\/ribadeando\/search?q=Progresi%C3%B3n+do+coronavirus+en+Ribadeo\" rel=\"nofollow noopener\" target=\"_blank\">entradas anteriores desta serie &#8216;progresi\u00f3n do coronavirus en Ribadeo&#8217;<\/a>:<\/p>\n<p class=\"imgnovas\"><img decoding=\"async\" alt=\"Foto Hospital Asilo\" src=\"http:\/\/ribadeo.gal\/imxd\/noticias\/imx\/1611333062Foto_Hospital_Asilo_-_copia.jpg\" \/><\/p>\n<p class=\"antetitulo\"><em>RIBADEO ACUMULA 24 CASOS NOS \u00daLTIMOS 14 D\u00cdAS<\/em><\/p>\n<p><em><br \/>\n   <\/em><\/p>\n<h3 class=\"antel\"><em>Contaxios por covid19<\/em><\/h3>\n<p><em><br \/>\n  <span class=\"data\">22\/01\/2021<\/span><br \/>\n  <\/em><\/p>\n<p><em>Seguen a baixar os casos positivos por covid19<br \/>\nno Hospital Asilo de Ribadeo. O \u00faltimo cribado realizado hai dous d\u00edas<br \/>\narroxa a cifra de 6 persoas contaxiadas, segundo ven de informar o<br \/>\nalcalde, Fernando Su\u00e1rez. <\/em><\/p>\n<\/p>\n<p><em><\/p>\n<p>\t<\/em><\/p>\n<p><em>O rexedor dixo que &#8220;seguindo a estela das \u00faltimas notas de prensa<br \/>\nemitidas, debemos falar dunha situaci\u00f3n agridoce na situaci\u00f3n do<br \/>\nHospital Asilo, a\u00ednda que a medida que o tempo vai pasando o n\u00famero de<br \/>\ncasos, no seu conxunto, seguen a baixar&#8221;.&nbsp; <\/em><\/p>\n<p><em>Su\u00e1rez Barcia<br \/>\nconfirmou que &#8220;actualmente xa non quedan usuarios desprazados ao Cegadi<br \/>\n(Centro Galego de Desenvolvemento Integral) pois as 2 persoas que<br \/>\nquedaban al\u00ed, das 19 que chegou a haber, xa retornaron a Ribadeo&#8221;. <\/em><\/p>\n<p><em>O<br \/>\n alcalde comentou esta tarde que &#8220;os responsables sanitarios do Hospital<br \/>\n da Costa ind\u00edcannos que o cribado feito hai dous d\u00edas deu como<br \/>\nresultado que os casos activos entre usuarios e persoal do Centro<br \/>\nascenden a 6 persoas. Tam\u00e9n nos din que actualmente hai 2 persoas que<br \/>\npermanecen no Hospital da Costa por mor do covid19. Polo tanto, no<br \/>\nmomento de facer esta nota de prensa temos un total de 8 persoas<br \/>\npositivas en coronavirus. Sendo esta unha cifra importante, o certo \u00e9<br \/>\nque xa queda moi lonxe das 26 que chegou a haber no momento de maior<br \/>\nincidencia deste gromo&#8221;. <\/em><\/p>\n<p><em>Fernando Su\u00e1rez contou que &#8220;con todo e<br \/>\niso, debemos indicar que hai dous d\u00edas faleceu una persoa que a\u00ednda non<br \/>\ndera negativo nas probas de inmunidade ao coronavirus. Ti\u00f1a 92 anos de<br \/>\nidade e presentaba patolox\u00edas previas&#8221;. <\/em><\/p>\n<p><em>O rexedor insistiu en que<br \/>\n &#8220;se segue valorando unha vez mais como moi positiva a actuaci\u00f3n<br \/>\ncoordinada na aplicaci\u00f3n dos Protocolos e Planes de Continxencia por<br \/>\nparte da&nbsp; direcci\u00f3n do centro e do seu persoal, as\u00ed como a actitude dos<br \/>\nresidentes \u00e1 hora de enfocar esta crise sanitaria.&nbsp; E como sempre<br \/>\nindicamos, manteremos informada \u00e1 cidadan\u00eda sexa cal sexa a situaci\u00f3n \u00e1<br \/>\nque nos te\u00f1amos que enfrontar, coa confianza de que ter pasado xa polo<br \/>\npico de madurez deste gromo que se iniciou hai cinco semanas.<br \/>\nSeguir\u00e9molo a facer a medida que vaiamos obtendo informaci\u00f3n, ben por<br \/>\nn\u00f3s mesmos ou ben proporcionada polas autoridades sanitarias auton\u00f3micas<br \/>\n en canto nola vaian facilitando, sempre co mellor \u00e1nimo informativo que<br \/>\n evite rumorolox\u00edas ou situaci\u00f3ns de confusi\u00f3n&#8221;. <\/em><\/p>\n<p><em>Sobre a<br \/>\nsituaci\u00f3n global que se vive en Ribadeo o alcalde sinalou que &#8220;segundo<br \/>\nos datos que v\u00e9n de publicar a Consellar\u00eda de Sanidade no d\u00eda de hoxe,<br \/>\nRibadeo aparece con 24 casos nos \u00faltimos 14 d\u00edas. Estamos observando xa<br \/>\nque logo, un descenso de casos neste gromo no Hospital Asilo ao tempo<br \/>\nque un incremento paseni\u00f1o e continuado dos contaxios no conxunto do<br \/>\nConcello, polo que queremos insistir novamente na obrigada<br \/>\nconcienciaci\u00f3n nas actuaci\u00f3ns individuais e colectivas, como persoas e<br \/>\ncomo sociedade, para cumprir a diario as recomendaci\u00f3ns e as obrigas que<br \/>\n as autoridades sanitarias nos indican. De todos n\u00f3s depender\u00e1 que a<br \/>\ncifra siga a subir nas vindeiras horas&#8221;.<\/em><\/p>\n<p><em>   <\/em><\/p>\n","protected":false},"excerpt":{"rendered":"<p>&nbsp;&nbsp; Os datos var\u00edan, fanse vellos antes de ser publicados, porque corresponden a casos observados d\u00edas atr\u00e1s&#8230; Hai que ver a tendencia a longo prazo, e non sirven moito as predici\u00f3ns estat\u00edsticas individuais&nbsp; para un concello coas normas cambiantes, precisamente ditadas para tentar cambiar a forma das gr\u00e1ficas e con elo, as espectativas vitais. A [&hellip;]<\/p>\n","protected":false},"author":3,"featured_media":0,"comment_status":"open","ping_status":"closed","sticky":false,"template":"","format":"standard","meta":{"activitypub_content_warning":"","activitypub_content_visibility":"","activitypub_max_image_attachments":3,"activitypub_interaction_policy_quote":"anyone","activitypub_status":"federated","footnotes":""},"categories":[1],"tags":[75],"class_list":["post-4838","post","type-post","status-publish","format-standard","hentry","category-sen-categoria","tag-coronavirus"],"_links":{"self":[{"href":"https:\/\/blogs.amarinha.gal\/ribadeando\/wp-json\/wp\/v2\/posts\/4838","targetHints":{"allow":["GET"]}}],"collection":[{"href":"https:\/\/blogs.amarinha.gal\/ribadeando\/wp-json\/wp\/v2\/posts"}],"about":[{"href":"https:\/\/blogs.amarinha.gal\/ribadeando\/wp-json\/wp\/v2\/types\/post"}],"author":[{"embeddable":true,"href":"https:\/\/blogs.amarinha.gal\/ribadeando\/wp-json\/wp\/v2\/users\/3"}],"replies":[{"embeddable":true,"href":"https:\/\/blogs.amarinha.gal\/ribadeando\/wp-json\/wp\/v2\/comments?post=4838"}],"version-history":[{"count":0,"href":"https:\/\/blogs.amarinha.gal\/ribadeando\/wp-json\/wp\/v2\/posts\/4838\/revisions"}],"wp:attachment":[{"href":"https:\/\/blogs.amarinha.gal\/ribadeando\/wp-json\/wp\/v2\/media?parent=4838"}],"wp:term":[{"taxonomy":"category","embeddable":true,"href":"https:\/\/blogs.amarinha.gal\/ribadeando\/wp-json\/wp\/v2\/categories?post=4838"},{"taxonomy":"post_tag","embeddable":true,"href":"https:\/\/blogs.amarinha.gal\/ribadeando\/wp-json\/wp\/v2\/tags?post=4838"}],"curies":[{"name":"wp","href":"https:\/\/api.w.org\/{rel}","templated":true}]}}