{"id":4835,"date":"2021-01-25T13:22:00","date_gmt":"2021-01-25T12:22:00","guid":{"rendered":""},"modified":"2024-11-12T13:05:40","modified_gmt":"2024-11-12T12:05:40","slug":"progresion-do-coronavirus-en-ribadeo-v","status":"publish","type":"post","link":"https:\/\/blogs.amarinha.gal\/ribadeando\/2021\/01\/25\/progresion-do-coronavirus-en-ribadeo-v\/","title":{"rendered":"Progresi\u00f3n do coronavirus en Ribadeo (V)"},"content":{"rendered":"<p>&nbsp;&nbsp; Collo hoxe os datos do SERGAS e at\u00f3pome cunha sorpresa agradable: os casos contabilizados a 14 d\u00edas baixaron&#8230; a\u00ednda que s\u00f3 sexa dous menos que os que contaba a fin de semana. Hoxe, polo momento, non hai nota de prensa do concello.<\/p>\n<p><a href=\"https:\/\/blogger.googleusercontent.com\/img\/b\/R29vZ2xl\/AVvXsEjJMZBSXMDpz_arsmsiHaCSTr7Q9rj90grk540ksGuQU4XQXfJEpgdHLEkHqnrW7YaJdVy2XkOAjMKcV0CMXKjMd2ZldiMpU-T6vv68YyVwe6LRCAL5OfncZOt3oouEXxrQ7PRWgw\/s2048\/progresion+coronavirus+V.jpg\" imageanchor=\"1\" style=\"margin-left: 1em; margin-right: 1em;\"><img loading=\"lazy\" decoding=\"async\" height=\"361\" src=\"https:\/\/blogger.googleusercontent.com\/img\/b\/R29vZ2xl\/AVvXsEjJMZBSXMDpz_arsmsiHaCSTr7Q9rj90grk540ksGuQU4XQXfJEpgdHLEkHqnrW7YaJdVy2XkOAjMKcV0CMXKjMd2ZldiMpU-T6vv68YyVwe6LRCAL5OfncZOt3oouEXxrQ7PRWgw\/s2048\/progresion+coronavirus+V.jpg\" width=\"630\" \/><\/a><\/p>\n<p><a href=\"https:\/\/blogs.amarinha.gal\/ribadeando\/search?q=Progresi%C3%B3n+do+coronavirus+en+Ribadeo\" rel=\"nofollow noopener\" target=\"_blank\">Entradas anteriores desta serie &#8216;progresi\u00f3n do coronavirus en Ribadeo&#8217;<\/a>.<\/p>\n","protected":false},"excerpt":{"rendered":"<p>&nbsp;&nbsp; Collo hoxe os datos do SERGAS e at\u00f3pome cunha sorpresa agradable: os casos contabilizados a 14 d\u00edas baixaron&#8230; a\u00ednda que s\u00f3 sexa dous menos que os que contaba a fin de semana. Hoxe, polo momento, non hai nota de prensa do concello. Entradas anteriores desta serie &#8216;progresi\u00f3n do coronavirus en Ribadeo&#8217;.<\/p>\n","protected":false},"author":3,"featured_media":0,"comment_status":"open","ping_status":"closed","sticky":false,"template":"","format":"standard","meta":{"activitypub_content_warning":"","activitypub_content_visibility":"","activitypub_max_image_attachments":3,"activitypub_interaction_policy_quote":"anyone","activitypub_status":"federated","footnotes":""},"categories":[1],"tags":[75],"class_list":["post-4835","post","type-post","status-publish","format-standard","hentry","category-sen-categoria","tag-coronavirus"],"_links":{"self":[{"href":"https:\/\/blogs.amarinha.gal\/ribadeando\/wp-json\/wp\/v2\/posts\/4835","targetHints":{"allow":["GET"]}}],"collection":[{"href":"https:\/\/blogs.amarinha.gal\/ribadeando\/wp-json\/wp\/v2\/posts"}],"about":[{"href":"https:\/\/blogs.amarinha.gal\/ribadeando\/wp-json\/wp\/v2\/types\/post"}],"author":[{"embeddable":true,"href":"https:\/\/blogs.amarinha.gal\/ribadeando\/wp-json\/wp\/v2\/users\/3"}],"replies":[{"embeddable":true,"href":"https:\/\/blogs.amarinha.gal\/ribadeando\/wp-json\/wp\/v2\/comments?post=4835"}],"version-history":[{"count":0,"href":"https:\/\/blogs.amarinha.gal\/ribadeando\/wp-json\/wp\/v2\/posts\/4835\/revisions"}],"wp:attachment":[{"href":"https:\/\/blogs.amarinha.gal\/ribadeando\/wp-json\/wp\/v2\/media?parent=4835"}],"wp:term":[{"taxonomy":"category","embeddable":true,"href":"https:\/\/blogs.amarinha.gal\/ribadeando\/wp-json\/wp\/v2\/categories?post=4835"},{"taxonomy":"post_tag","embeddable":true,"href":"https:\/\/blogs.amarinha.gal\/ribadeando\/wp-json\/wp\/v2\/tags?post=4835"}],"curies":[{"name":"wp","href":"https:\/\/api.w.org\/{rel}","templated":true}]}}