{"id":4827,"date":"2021-01-30T18:17:00","date_gmt":"2021-01-30T17:17:00","guid":{"rendered":""},"modified":"2024-11-12T13:05:28","modified_gmt":"2024-11-12T12:05:28","slug":"progresion-do-coronavirus-en-ribadeo-vii","status":"publish","type":"post","link":"https:\/\/blogs.amarinha.gal\/ribadeando\/2021\/01\/30\/progresion-do-coronavirus-en-ribadeo-vii\/","title":{"rendered":"Progresi\u00f3n do coronavirus en Ribadeo (VII)"},"content":{"rendered":"<p>&nbsp;Un d\u00eda m\u00e1is, a situaci\u00f3n parece algo confusa, a\u00ednda que dentro dunha meseta:<\/p>\n<p><a href=\"https:\/\/blogger.googleusercontent.com\/img\/b\/R29vZ2xl\/AVvXsEjptjpuKS6UcYfxdjHrgxmipj93FpXtV1puJZIF0a0pJd6MVNqhl5WrEzn-cW189WK02qwe3IYsw2lvg09G7zbFApAEXlh8IlmrfxE7gM7iKsavdMSYI2X0CrNz2JxjbAObm73-UQ\/s2048\/coronavirus+Ribadeo+30_1.jpg\" imageanchor=\"1\" style=\"margin-left: 1em; margin-right: 1em;\"><img loading=\"lazy\" decoding=\"async\" height=\"355\" src=\"https:\/\/blogger.googleusercontent.com\/img\/b\/R29vZ2xl\/AVvXsEjptjpuKS6UcYfxdjHrgxmipj93FpXtV1puJZIF0a0pJd6MVNqhl5WrEzn-cW189WK02qwe3IYsw2lvg09G7zbFApAEXlh8IlmrfxE7gM7iKsavdMSYI2X0CrNz2JxjbAObm73-UQ\/s2048\/coronavirus+Ribadeo+30_1.jpg\" width=\"638\" \/><\/a><\/p>\n<p><a href=\"https:\/\/blogs.amarinha.gal\/ribadeando\/2021\/01\/progresion-do-coronavirus-en-ribadeo-vi.html\" rel=\"nofollow noopener\" target=\"_blank\">Gr\u00e1fico anterior<\/a>.<\/p>\n","protected":false},"excerpt":{"rendered":"<p>&nbsp;Un d\u00eda m\u00e1is, a situaci\u00f3n parece algo confusa, a\u00ednda que dentro dunha meseta: Gr\u00e1fico anterior.<\/p>\n","protected":false},"author":3,"featured_media":0,"comment_status":"open","ping_status":"closed","sticky":false,"template":"","format":"standard","meta":{"activitypub_content_warning":"","activitypub_content_visibility":"","activitypub_max_image_attachments":3,"activitypub_interaction_policy_quote":"anyone","activitypub_status":"federated","footnotes":""},"categories":[1],"tags":[75,67],"class_list":["post-4827","post","type-post","status-publish","format-standard","hentry","category-sen-categoria","tag-coronavirus","tag-estatisticas"],"_links":{"self":[{"href":"https:\/\/blogs.amarinha.gal\/ribadeando\/wp-json\/wp\/v2\/posts\/4827","targetHints":{"allow":["GET"]}}],"collection":[{"href":"https:\/\/blogs.amarinha.gal\/ribadeando\/wp-json\/wp\/v2\/posts"}],"about":[{"href":"https:\/\/blogs.amarinha.gal\/ribadeando\/wp-json\/wp\/v2\/types\/post"}],"author":[{"embeddable":true,"href":"https:\/\/blogs.amarinha.gal\/ribadeando\/wp-json\/wp\/v2\/users\/3"}],"replies":[{"embeddable":true,"href":"https:\/\/blogs.amarinha.gal\/ribadeando\/wp-json\/wp\/v2\/comments?post=4827"}],"version-history":[{"count":0,"href":"https:\/\/blogs.amarinha.gal\/ribadeando\/wp-json\/wp\/v2\/posts\/4827\/revisions"}],"wp:attachment":[{"href":"https:\/\/blogs.amarinha.gal\/ribadeando\/wp-json\/wp\/v2\/media?parent=4827"}],"wp:term":[{"taxonomy":"category","embeddable":true,"href":"https:\/\/blogs.amarinha.gal\/ribadeando\/wp-json\/wp\/v2\/categories?post=4827"},{"taxonomy":"post_tag","embeddable":true,"href":"https:\/\/blogs.amarinha.gal\/ribadeando\/wp-json\/wp\/v2\/tags?post=4827"}],"curies":[{"name":"wp","href":"https:\/\/api.w.org\/{rel}","templated":true}]}}