{"id":4809,"date":"2021-02-04T21:43:00","date_gmt":"2021-02-04T20:43:00","guid":{"rendered":""},"modified":"2024-11-12T13:04:53","modified_gmt":"2024-11-12T12:04:53","slug":"levando-conta-do-coronavirus-en-galicia","status":"publish","type":"post","link":"https:\/\/blogs.amarinha.gal\/ribadeando\/2021\/02\/04\/levando-conta-do-coronavirus-en-galicia\/","title":{"rendered":"Levando a conta do coronavirus en Galicia"},"content":{"rendered":"<table align=\"center\" cellpadding=\"0\" cellspacing=\"0\" class=\"tr-caption-container\" style=\"margin-left: auto; margin-right: auto;\">\n<tbody>\n<tr>\n<td style=\"text-align: center;\"><a href=\"https:\/\/blogger.googleusercontent.com\/img\/b\/R29vZ2xl\/AVvXsEjU7q6e2esPZ2JxKhZ2rlI38rYRbmYNo20MzNaP5wk-_05urqmkA_WIE99edKsXfL5osDU11vIjbDgFFTcUEO_OcMxf-fByS99ix316sPSxy8Z9Vjj9NiqXWMqpe68JZhDJP8lEag\/s2048\/Carpente.jpg\" imageanchor=\"1\" style=\"margin-left: auto; margin-right: auto;\"><img loading=\"lazy\" decoding=\"async\" height=\"543\" src=\"https:\/\/blogger.googleusercontent.com\/img\/b\/R29vZ2xl\/AVvXsEjU7q6e2esPZ2JxKhZ2rlI38rYRbmYNo20MzNaP5wk-_05urqmkA_WIE99edKsXfL5osDU11vIjbDgFFTcUEO_OcMxf-fByS99ix316sPSxy8Z9Vjj9NiqXWMqpe68JZhDJP8lEag\/s2048\/Carpente.jpg\" width=\"606\" \/><\/a><\/td>\n<\/tr>\n<tr>\n<td class=\"tr-caption\" style=\"text-align: center;\"><span style=\"font-size: x-small;\">Un dos gr\u00e1ficos do informe de hoxe<br \/>\n<\/span><\/td>\n<\/tr>\n<\/tbody>\n<\/table>\n<p>&nbsp;<\/p>\n<p>&nbsp;&nbsp; Estes d\u00edas estou vendo a necesidade que ten a xente de estat\u00edsticas claras e comprensibles sobre a evoluci\u00f3n do coronavirus no seu entorno. Non grandes teor\u00edas ou discusi\u00f3ns, non cousas incomprensibles con grandes n\u00fameros, sen\u00f3n algo &#8216;\u00e1 man&#8217;. Un deses lugares atopeino &#8216;da man&#8217; dun amigo, Jos\u00e9 A. Carpente, que leva dende hai varios meses facendo un resume diario da evoluci\u00f3n en Ferrolterra, ampliada despois \u00e1s cidades galegas. N\u00fameros, t\u00e1boas, pero tam\u00e9n gr\u00e1ficos e claridade. Fai un informe diario; o que presento \u00e9 o de hoxe, 4 de febreiro. E, se non es de Ferrolterra, sempre podes comparar o que sucede nas maiores cidades de Galicia co que sabes da evoluci\u00f3n xeral ou no teu concello:<\/p>\n<p><iframe loading=\"lazy\" allowfullscreen=\"\" frameborder=\"0\" height=\"714\" marginheight=\"0\" marginwidth=\"0\" scrolling=\"no\" src=\"\/\/www.slideshare.net\/slideshow\/embed_code\/key\/7f6FziIB9F0MG\" style=\"border-width: 1px; border: 1px solid #CCC; margin-bottom: 5px; max-width: 100%;\" width=\"668\"> <\/iframe><\/p>\n<p><strong> <a href=\"\/\/www.slideshare.net\/AntonioGregorioMonte\/ia-ferrolterra-e-cidades-4-feb\" target=\"_blank\" title=\"IA ferrolterra e cidades 4 feb\" rel=\"noopener\">IA ferrolterra e cidades 4 feb<\/a> <\/strong> de <strong>J.A.Carpente Sardi\u00f1a<\/strong><\/p>\n","protected":false},"excerpt":{"rendered":"<p>Un dos gr\u00e1ficos do informe de hoxe &nbsp; &nbsp;&nbsp; Estes d\u00edas estou vendo a necesidade que ten a xente de estat\u00edsticas claras e comprensibles sobre a evoluci\u00f3n do coronavirus no seu entorno. Non grandes teor\u00edas ou discusi\u00f3ns, non cousas incomprensibles con grandes n\u00fameros, sen\u00f3n algo &#8216;\u00e1 man&#8217;. Un deses lugares atopeino &#8216;da man&#8217; dun amigo, [&hellip;]<\/p>\n","protected":false},"author":3,"featured_media":0,"comment_status":"open","ping_status":"closed","sticky":false,"template":"","format":"standard","meta":{"activitypub_content_warning":"","activitypub_content_visibility":"","activitypub_max_image_attachments":3,"activitypub_interaction_policy_quote":"anyone","activitypub_status":"federated","footnotes":""},"categories":[1],"tags":[75,67],"class_list":["post-4809","post","type-post","status-publish","format-standard","hentry","category-sen-categoria","tag-coronavirus","tag-estatisticas"],"_links":{"self":[{"href":"https:\/\/blogs.amarinha.gal\/ribadeando\/wp-json\/wp\/v2\/posts\/4809","targetHints":{"allow":["GET"]}}],"collection":[{"href":"https:\/\/blogs.amarinha.gal\/ribadeando\/wp-json\/wp\/v2\/posts"}],"about":[{"href":"https:\/\/blogs.amarinha.gal\/ribadeando\/wp-json\/wp\/v2\/types\/post"}],"author":[{"embeddable":true,"href":"https:\/\/blogs.amarinha.gal\/ribadeando\/wp-json\/wp\/v2\/users\/3"}],"replies":[{"embeddable":true,"href":"https:\/\/blogs.amarinha.gal\/ribadeando\/wp-json\/wp\/v2\/comments?post=4809"}],"version-history":[{"count":0,"href":"https:\/\/blogs.amarinha.gal\/ribadeando\/wp-json\/wp\/v2\/posts\/4809\/revisions"}],"wp:attachment":[{"href":"https:\/\/blogs.amarinha.gal\/ribadeando\/wp-json\/wp\/v2\/media?parent=4809"}],"wp:term":[{"taxonomy":"category","embeddable":true,"href":"https:\/\/blogs.amarinha.gal\/ribadeando\/wp-json\/wp\/v2\/categories?post=4809"},{"taxonomy":"post_tag","embeddable":true,"href":"https:\/\/blogs.amarinha.gal\/ribadeando\/wp-json\/wp\/v2\/tags?post=4809"}],"curies":[{"name":"wp","href":"https:\/\/api.w.org\/{rel}","templated":true}]}}