{"id":4804,"date":"2021-02-06T19:25:00","date_gmt":"2021-02-06T18:25:00","guid":{"rendered":""},"modified":"2024-11-12T13:04:46","modified_gmt":"2024-11-12T12:04:46","slug":"vacunas-guerras-y-poder-diario-de-un","status":"publish","type":"post","link":"https:\/\/blogs.amarinha.gal\/ribadeando\/2021\/02\/06\/vacunas-guerras-y-poder-diario-de-un\/","title":{"rendered":"Vacunas, guerras y poder. Diario de un confinado en Olavide. \u00c1ngel Alda"},"content":{"rendered":"<table align=\"center\" cellpadding=\"0\" cellspacing=\"0\" class=\"tr-caption-container\" style=\"margin-left: auto; margin-right: auto;\">\n<tbody>\n<tr>\n<td style=\"text-align: center;\"><a href=\"https:\/\/blogger.googleusercontent.com\/img\/b\/R29vZ2xl\/AVvXsEh0juCN3huHZg9u88A1giHvmv3K6coE5pJ9eIfKU-4ut5T7_OR4xl4Oy2Qz8j5O_UoODy7LUIO21kOIRZ8lh3WXbPgHauFQcP-5fbdQMOxoVvGtMLxUj_ZbDu2OvOg5u2AAVh18Jg\/s2048\/Vacunas+guerras+y+poder.jpeg\" imageanchor=\"1\" style=\"margin-left: auto; margin-right: auto;\"><img loading=\"lazy\" decoding=\"async\" height=\"601\" src=\"https:\/\/blogger.googleusercontent.com\/img\/b\/R29vZ2xl\/AVvXsEh0juCN3huHZg9u88A1giHvmv3K6coE5pJ9eIfKU-4ut5T7_OR4xl4Oy2Qz8j5O_UoODy7LUIO21kOIRZ8lh3WXbPgHauFQcP-5fbdQMOxoVvGtMLxUj_ZbDu2OvOg5u2AAVh18Jg\/s2048\/Vacunas+guerras+y+poder.jpeg\" width=\"436\" \/><\/a><\/td>\n<\/tr>\n<tr>\n<td class=\"tr-caption\" style=\"text-align: center;\"><span style=\"font-size: x-small;\">Soldados espa\u00f1oles reciben vacunas en el cuartel de instrucci\u00f3n de Cabeza Playa en el S\u00e1hara Occidental.<\/span><\/td>\n<\/tr>\n<\/tbody>\n<\/table>\n<p>Vacunas, guerras y poder.<\/p>\n<p>&nbsp;&nbsp; 5 de febrero de 2021<\/p>\n<p>&nbsp;&nbsp; Epidemias, ej\u00e9rcitos, guerras y vacunas. <\/p>\n<p>&nbsp;&nbsp; Fen\u00f3menos y situaciones muy correlacionadas a lo largo de la historia. La viruela caus\u00f3 m\u00e1s bajas en los ej\u00e9rcitos de las fuerzas independentistas norteamericanas que los batallones coloniales brit\u00e1nicos. Las fiebres tifoideas fueron la mayor causa de mortandad de las tropas espa\u00f1olas en la Am\u00e9rica libertadora. El paludismo caus\u00f3 estragos en las tropas USA en Asia a lo largo del siglo XX. La inoculaci\u00f3n masiva de las primitivas vacunas contra la viruela tuvo como beneficiarios principales a las fuerzas del Ej\u00e9rcito Continental del libertador Washington. Gracias a la investigaci\u00f3n de los servicios sanitarios del ej\u00e9rcito de los EEUU en la guerra contra Espa\u00f1a de Cuba se descubri\u00f3 que el agente infeccioso principal de la fiebre amarilla eran los mosquitos, descubrimiento que permiti\u00f3 resolver un foco epid\u00e9mico brutal. Y as\u00ed podr\u00edamos estar escribiendo ejemplos hasta el a\u00f1o que viene.<\/p>\n<p>&nbsp;&nbsp; Movimientos de poblaci\u00f3n, deterioro de la vida cotidiana durante las guerras, vida campamental y tantas circunstancias de la vida militar son vectores que agudizan los riesgos epid\u00e9micos. Y en sentido contrario, usar factores infecciosos como armas de guerra es una tentaci\u00f3n inocultable que forma parte del arte de la guerra. De ah\u00ed el miedo de las sociedades, los sentimientos conspirativos y conspiranoicos que inundan nuestra imaginaci\u00f3n. <\/p>\n<p>&nbsp;&nbsp; Y con ello la sensaci\u00f3n creciente de que la tercera guerra mundial ha comenzado. La primera batalla ha sido la de la extensi\u00f3n de la pandemia, una pelea de desgaste, de ruptura de equilibrios, de deterioro de las cadenas de poder y de la organizaci\u00f3n social. Los contendientes han sufrido enormes da\u00f1os en sus estructuras f\u00edsicas y morales en funci\u00f3n de c\u00f3mo se hayan organizado. Algunos han preferido mantener a su poblaci\u00f3n en la ignorancia, como si la guerra no fuese con ellos. Otros han preferido organizar a sus pueblos y encuadrarlos con disciplina militar. Est\u00e1 claro qui\u00e9n ha ganado esta primera batalla. El gran ganador ha sido la potencia emergente china que ha sabido mantener la disciplina y el orden de combate entre los suyos. Y el perdedor la potencia hegem\u00f3nica del siglo XX que despu\u00e9s de ganar la guerra fr\u00eda ha preferido retornar a sus cuarteles de invierno con el discurso de Am\u00e9rica Primero.<\/p>\n<p>&nbsp;&nbsp; El frente principal se encuentra en estos momentos estableciendo su campo de desarrollo en torno a las vacunas. La batalla de las vacunas. No es peque\u00f1o el bot\u00edn que se espera para el ganador. Capacidad tecnol\u00f3gica, industrial y financiera. La ventaja de emerger en condiciones privilegiadas de la crisis pand\u00e9mica es lo que se busca as\u00ed como elevar la moral de las tropas y de los ej\u00e9rcitos en liza. Como siempre tienen ventaja los pa\u00edses con larga experiencia militar. Rusos, brit\u00e1nicos, americanos e israel\u00edes.&nbsp; Los perdedores de las \u00faltimas guerras, pongamos los alemanes, los japoneses y los italianos van a tener ciertas dificultades. Las nuevas potencias emergentes como China pueden ser el factor sorpresa. Y los perdedores natos: los peque\u00f1os pa\u00edses o las potencias no alineadas que tendr\u00e1n dificultades como es habitual. Business as usual. Nuevos operadores econ\u00f3micos con ansias de gran potencia como los indios tambi\u00e9n promover\u00e1n enormes inversiones en la materia. En ese juego de guerra un factor novedoso va a ser, ya lo est\u00e1 siendo, el intento de la Uni\u00f3n Europea por consorciar su capacidad financiera, tecnol\u00f3gica y de compra para acceder a las vacunas superando la escala nacional y accediendo a un nivel federal a\u00fan con grandes dificultades y frustraciones como estamos viendo. Ese salto de nivel es un subproducto ben\u00e9fico de la pandemia que nunca valoraremos con el suficiente agradecimiento. <\/p>\n<p>&nbsp;&nbsp; Y como en todas las guerras la contienda informativa ser\u00e1 crucial. En torno a la eficacia de las vacunas se establecer\u00e1n peleas en los grandes medios de informaci\u00f3n. Los observadores ir\u00e1n clavando banderitas y alfileres de colorines sobre los mapas y las geograf\u00edas. Parece que la vacuna rusa no funciona, dir\u00e1n unos. O la china resulta un bluff. Pero la americana lleva un componente secreto que altera esto o lo otro. Atentos a lo que se nos viene encima. Estamos en medio de una batalla y tenemos que ser conscientes del coste que esto va a significar. De ah\u00ed los movimientos, cautos y de escasa fuerza todav\u00eda, a favor de la universalizaci\u00f3n de la investigaci\u00f3n farmac\u00e9utica, de nuevas formas de registro y liberaci\u00f3n de las patentes y de distribuci\u00f3n mundial de las vacunas m\u00e1s all\u00e1 de la riqueza de las naciones, de los estados y de las poblaciones.<\/p>\n<p>&nbsp;&nbsp; Y ahora pasemos a nuestras tristes circunstancias pol\u00edticas. El parlamentarismo espa\u00f1ol esta semana nos ha ofrecido im\u00e1genes curiosas. Como la abstenci\u00f3n del partido VOX en una votaci\u00f3n de cierta trascendencia relacionada con los futuros fondos europeos de reconstrucci\u00f3n post-covid que ha permitido al gobierno de izquierdas salvar la mayor\u00eda.<\/p>\n<p>&nbsp;&nbsp; Ese hecho, aparentemente tan extra\u00f1o, ha permitido visualizar&nbsp; la posibilidad de que VOX sorprenda al PP por su mismo centro. Por la v\u00eda de las bases de votantes fieles hasta hoy al partido de Casado, hu\u00e9rfanos de una estrategia realista de su partido de referencia que por otra parte tanto sigue sufriendo de las tarascadas de sus B\u00e1rcenas o de las guerras sucias policiales. <\/p>\n<p>&nbsp;&nbsp; O la crisis final de Ciudadanos en medio de la extra\u00f1a campa\u00f1a electoral catalana de las que solo cabe esperar la continuidad del eterno empate estrat\u00e9gico entre los partidos independentistas, hoy definitivamente divididos, y el resto, voto o esca\u00f1o arriba o abajo. Un empate similar al del conjunto del estado entre las polarizadas fuerzas de la izquierda y de la derecha. Por muchas vueltas que le demos el pa\u00eds sigue pendiente de una verdadera revoluci\u00f3n institucional que nos ponga al d\u00eda. Est\u00e1 claro que la pandemia no es el mejor momento para esos cambios. <\/p>\n<p>&nbsp;&nbsp; EL SUE\u00d1O<\/p>\n<p>&nbsp;&nbsp; Vuelven los sue\u00f1os largos y extra\u00f1os. Les cuento el \u00faltimo. Me llevo de casa de mi madre un cuadro en el que la ilustraci\u00f3n, la l\u00e1mina, se mueve y no queda ajustada al marco. El marco es de cristal, una especie de s\u00e1ndwich que va fijado entre pinzas. Las pinzas est\u00e1n sueltas y parece que se ajustan con un sistema de vac\u00edo producido por una v\u00e1lvula. Mi madre me dice que lo lleve a una tienda y que no lo haga yo, que soy un in\u00fatil. Mi madre siempre pensaba que soy un in\u00fatil para estas cosas manuales.<br \/>\n&nbsp;&nbsp; Me veo en una acera de la calle tratando de separar el cristal con la llave. Milagrosamente lo consigo y puedo acceder a la ilustraci\u00f3n. Aprovecho bien para limpiar el cristal por dentro y procedo a colocar el cristal por encima. Lo consigo centrar y cerrar pero las pinzas no quedan bien fijadas. El caso es que veo que a m\u00ed lado se han colocado muchas personas haciendo la misma tarea con otros cuadros. A muchos los conozco. No me causa extra\u00f1eza la escena. Todos dejamos los respectivos trabajos ya que est\u00e1 oscureciendo. Pero al d\u00eda siguiente la nevada ha cubierto todos los materiales abandonados el d\u00eda anterior. Y para m\u00ed sorpresa el \u00fanico que est\u00e1 all\u00ed para comprobarlo soy yo. Termino por encontrar el m\u00edo. Compuesto y con un cuadro que ya no es el mismo por el deterioro, vuelvo a casa de mi madre para comprobar c\u00f3mo se r\u00ede de m\u00ed. El hecho es que se r\u00ede pero de otra forma. Le encanta como ha quedado el objeto. El cristal opacado y los colores de la l\u00e1mina se han transformado para mejor. El amarillo ha mutado en un color dorado, como el de las viejas joyas abandonadas en los trasteros cuando se rescatan tras una herencia. Y el rojo se ha oxidado y con ello ha perdido brillo y ha ganado esplendor y seriedad. Ya no se identifica la bandera espa\u00f1ola. Mi madre me dice: por fin he podido librarme de esa obligaci\u00f3n de lucir la bandera espa\u00f1ola en el comedor de casa desde mi infancia en los cuarteles de Santa B\u00e1rbara. Por una vez has sido \u00fatil, hijo m\u00edo. <\/p>\n<p>&nbsp;&nbsp; Mi madre se r\u00ede desde el cielo.<\/p>\n<p>&nbsp;&nbsp; Lo dicho. Empiecen a vacunarse aunque se vean obligados a invocar su condici\u00f3n preferida. Anciano. Concejal. O cura.<\/p>\n<p>&nbsp;&nbsp; Besos para todas.<\/p>\n<p>&nbsp;&nbsp; \u00c1ngel.<\/p>\n","protected":false},"excerpt":{"rendered":"<p>Soldados espa\u00f1oles reciben vacunas en el cuartel de instrucci\u00f3n de Cabeza Playa en el S\u00e1hara Occidental. Vacunas, guerras y poder. &nbsp;&nbsp; 5 de febrero de 2021 &nbsp;&nbsp; Epidemias, ej\u00e9rcitos, guerras y vacunas. &nbsp;&nbsp; Fen\u00f3menos y situaciones muy correlacionadas a lo largo de la historia. La viruela caus\u00f3 m\u00e1s bajas en los ej\u00e9rcitos de las fuerzas [&hellip;]<\/p>\n","protected":false},"author":3,"featured_media":0,"comment_status":"open","ping_status":"closed","sticky":false,"template":"","format":"standard","meta":{"activitypub_content_warning":"","activitypub_content_visibility":"","activitypub_max_image_attachments":3,"activitypub_interaction_policy_quote":"anyone","activitypub_status":"federated","footnotes":""},"categories":[1],"tags":[35,75],"class_list":["post-4804","post","type-post","status-publish","format-standard","hentry","category-sen-categoria","tag-angel-alda","tag-coronavirus"],"_links":{"self":[{"href":"https:\/\/blogs.amarinha.gal\/ribadeando\/wp-json\/wp\/v2\/posts\/4804","targetHints":{"allow":["GET"]}}],"collection":[{"href":"https:\/\/blogs.amarinha.gal\/ribadeando\/wp-json\/wp\/v2\/posts"}],"about":[{"href":"https:\/\/blogs.amarinha.gal\/ribadeando\/wp-json\/wp\/v2\/types\/post"}],"author":[{"embeddable":true,"href":"https:\/\/blogs.amarinha.gal\/ribadeando\/wp-json\/wp\/v2\/users\/3"}],"replies":[{"embeddable":true,"href":"https:\/\/blogs.amarinha.gal\/ribadeando\/wp-json\/wp\/v2\/comments?post=4804"}],"version-history":[{"count":0,"href":"https:\/\/blogs.amarinha.gal\/ribadeando\/wp-json\/wp\/v2\/posts\/4804\/revisions"}],"wp:attachment":[{"href":"https:\/\/blogs.amarinha.gal\/ribadeando\/wp-json\/wp\/v2\/media?parent=4804"}],"wp:term":[{"taxonomy":"category","embeddable":true,"href":"https:\/\/blogs.amarinha.gal\/ribadeando\/wp-json\/wp\/v2\/categories?post=4804"},{"taxonomy":"post_tag","embeddable":true,"href":"https:\/\/blogs.amarinha.gal\/ribadeando\/wp-json\/wp\/v2\/tags?post=4804"}],"curies":[{"name":"wp","href":"https:\/\/api.w.org\/{rel}","templated":true}]}}