{"id":4802,"date":"2021-02-08T10:09:00","date_gmt":"2021-02-08T09:09:00","guid":{"rendered":""},"modified":"2024-11-12T13:04:44","modified_gmt":"2024-11-12T12:04:44","slug":"coronavirus-en-vilalba-20210208","status":"publish","type":"post","link":"https:\/\/blogs.amarinha.gal\/ribadeando\/2021\/02\/08\/coronavirus-en-vilalba-20210208\/","title":{"rendered":"Coronavirus en Vilalba 20210208"},"content":{"rendered":"<p>&nbsp;&nbsp; A 8 de febreiro, 178 casos, seguimos na meseta con dous casos menos que o \u00faltimo d\u00eda rese\u00f1ado, e cunha incidencia de 1264 \/ 100 000 habitantes.<\/p>\n<p><a href=\"https:\/\/blogger.googleusercontent.com\/img\/b\/R29vZ2xl\/AVvXsEhx9cRqILuJ9Bffm8uoDWSVWQx82RWHJaMYXp1FgeiZcRkbyZ_UijmQmNGaLtLqhExJDyuY9PFJUMVofOSjXmNBXFaDjnuskk9drmQ5l9Yk5hihqDbkPZ9GF5aOJYrcSDDQdZuB5A\/s2048\/coronavirusVF8.jpg\" imageanchor=\"1\" style=\"margin-left: 1em; margin-right: 1em;\"><img loading=\"lazy\" decoding=\"async\" height=\"280\" src=\"https:\/\/blogger.googleusercontent.com\/img\/b\/R29vZ2xl\/AVvXsEhx9cRqILuJ9Bffm8uoDWSVWQx82RWHJaMYXp1FgeiZcRkbyZ_UijmQmNGaLtLqhExJDyuY9PFJUMVofOSjXmNBXFaDjnuskk9drmQ5l9Yk5hihqDbkPZ9GF5aOJYrcSDDQdZuB5A\/s2048\/coronavirusVF8.jpg\" width=\"628\" \/><\/a><\/p>\n<p>&nbsp;<a href=\"https:\/\/blogs.amarinha.gal\/ribadeando\/search?q=Coronavirus+en+Vilalba&amp;max-results=20&amp;by-date=true\" rel=\"nofollow noopener\" target=\"_blank\">Anteriores desta serie<\/a>.<\/p>\n","protected":false},"excerpt":{"rendered":"<p>&nbsp;&nbsp; A 8 de febreiro, 178 casos, seguimos na meseta con dous casos menos que o \u00faltimo d\u00eda rese\u00f1ado, e cunha incidencia de 1264 \/ 100 000 habitantes. &nbsp;Anteriores desta serie.<\/p>\n","protected":false},"author":3,"featured_media":0,"comment_status":"open","ping_status":"closed","sticky":false,"template":"","format":"standard","meta":{"activitypub_content_warning":"","activitypub_content_visibility":"","activitypub_max_image_attachments":3,"activitypub_interaction_policy_quote":"anyone","activitypub_status":"federated","footnotes":""},"categories":[1],"tags":[75,67,50],"class_list":["post-4802","post","type-post","status-publish","format-standard","hentry","category-sen-categoria","tag-coronavirus","tag-estatisticas","tag-vilalba"],"_links":{"self":[{"href":"https:\/\/blogs.amarinha.gal\/ribadeando\/wp-json\/wp\/v2\/posts\/4802","targetHints":{"allow":["GET"]}}],"collection":[{"href":"https:\/\/blogs.amarinha.gal\/ribadeando\/wp-json\/wp\/v2\/posts"}],"about":[{"href":"https:\/\/blogs.amarinha.gal\/ribadeando\/wp-json\/wp\/v2\/types\/post"}],"author":[{"embeddable":true,"href":"https:\/\/blogs.amarinha.gal\/ribadeando\/wp-json\/wp\/v2\/users\/3"}],"replies":[{"embeddable":true,"href":"https:\/\/blogs.amarinha.gal\/ribadeando\/wp-json\/wp\/v2\/comments?post=4802"}],"version-history":[{"count":0,"href":"https:\/\/blogs.amarinha.gal\/ribadeando\/wp-json\/wp\/v2\/posts\/4802\/revisions"}],"wp:attachment":[{"href":"https:\/\/blogs.amarinha.gal\/ribadeando\/wp-json\/wp\/v2\/media?parent=4802"}],"wp:term":[{"taxonomy":"category","embeddable":true,"href":"https:\/\/blogs.amarinha.gal\/ribadeando\/wp-json\/wp\/v2\/categories?post=4802"},{"taxonomy":"post_tag","embeddable":true,"href":"https:\/\/blogs.amarinha.gal\/ribadeando\/wp-json\/wp\/v2\/tags?post=4802"}],"curies":[{"name":"wp","href":"https:\/\/api.w.org\/{rel}","templated":true}]}}