{"id":3663,"date":"2021-11-18T09:58:00","date_gmt":"2021-11-18T08:58:00","guid":{"rendered":""},"modified":"2024-10-25T16:18:52","modified_gmt":"2024-10-25T14:18:52","slug":"actas-dos-plenos-do-concello-de-ribadeo","status":"publish","type":"post","link":"https:\/\/blogs.amarinha.gal\/ribadeando\/2021\/11\/18\/actas-dos-plenos-do-concello-de-ribadeo\/","title":{"rendered":"Actas dos plenos do concello de Ribadeo de 5 de outubro"},"content":{"rendered":"<p>&nbsp;&nbsp; Xa est\u00e1n \u00e1 vista en internet as actas dos plenos:<\/p>\n<p><span class=\"tabla-celda\">   <a class=\"doc2\" href=\"https:\/\/ribadeo.sedelectronica.gal\/board?x=*P-Yg3FeyOtNHSVZfYKAnbRYCEASYDumwu1RVeXB6O82*KIJSGPD25NitqTzKANRCsYY8DPcIu7CRAgoKql3LDvumqAkG7g6P93LqgF5J-oHHMV0QNQiBg33d05c2R2C\">ACTA DO PLENO 2021-0010 [ACTA SESION PLENO ORDINARIA DE 5 DE OUTUBRO DE 2021]<\/a><\/span><\/p>\n<p><span class=\"tabla-celda\"><br \/>\n\t\t\t<span class=\"tabla-celda\">   <a class=\"doc2\" href=\"https:\/\/ribadeo.sedelectronica.gal\/board?x=*P-Yg3FeyOtNHSVZfYKAnbRYCEASYDumwu1RVeXB6O82*KIJSGPD25NitqTzKANRN5rSMY6XURjLjA4rQb8Z8A4Q9fmQZNqCPb4YkWykyMEQrsXAwLEOHgKTbWsRHzmp\">ACTA DO PLENO 2021-0011 [ACTA PLENO EXTRAORDINARIO A INSTANCIA PARTIDO POPULAR  05.10.2021]<\/a><\/span> <\/span><\/p>\n<p><span class=\"tabla-celda\">&nbsp; Que se ve\u00f1en a sumar \u00e1s <a href=\"https:\/\/blogs.amarinha.gal\/ribadeando\/search?q=acta+pleno\" rel=\"nofollow noopener\" target=\"_blank\">actas anteriores<\/a> que liguei e \u00f3s <a href=\"https:\/\/blogs.amarinha.gal\/ribadeando\/2021\/10\/martes-5-de-outubro-tocou-pleno-en.html\" rel=\"nofollow noopener\" target=\"_blank\">comentarios que no seu d\u00eda deixei sobre eles<\/a>.<br \/>\n<\/span><\/p>\n","protected":false},"excerpt":{"rendered":"<p>&nbsp;&nbsp; Xa est\u00e1n \u00e1 vista en internet as actas dos plenos: ACTA DO PLENO 2021-0010 [ACTA SESION PLENO ORDINARIA DE 5 DE OUTUBRO DE 2021] ACTA DO PLENO 2021-0011 [ACTA PLENO EXTRAORDINARIO A INSTANCIA PARTIDO POPULAR 05.10.2021] &nbsp; Que se ve\u00f1en a sumar \u00e1s actas anteriores que liguei e \u00f3s comentarios que no seu d\u00eda [&hellip;]<\/p>\n","protected":false},"author":3,"featured_media":0,"comment_status":"open","ping_status":"closed","sticky":false,"template":"","format":"standard","meta":{"activitypub_content_warning":"","activitypub_content_visibility":"","activitypub_max_image_attachments":3,"activitypub_interaction_policy_quote":"anyone","activitypub_status":"federated","footnotes":""},"categories":[1],"tags":[42],"class_list":["post-3663","post","type-post","status-publish","format-standard","hentry","category-sen-categoria","tag-plenos"],"_links":{"self":[{"href":"https:\/\/blogs.amarinha.gal\/ribadeando\/wp-json\/wp\/v2\/posts\/3663","targetHints":{"allow":["GET"]}}],"collection":[{"href":"https:\/\/blogs.amarinha.gal\/ribadeando\/wp-json\/wp\/v2\/posts"}],"about":[{"href":"https:\/\/blogs.amarinha.gal\/ribadeando\/wp-json\/wp\/v2\/types\/post"}],"author":[{"embeddable":true,"href":"https:\/\/blogs.amarinha.gal\/ribadeando\/wp-json\/wp\/v2\/users\/3"}],"replies":[{"embeddable":true,"href":"https:\/\/blogs.amarinha.gal\/ribadeando\/wp-json\/wp\/v2\/comments?post=3663"}],"version-history":[{"count":0,"href":"https:\/\/blogs.amarinha.gal\/ribadeando\/wp-json\/wp\/v2\/posts\/3663\/revisions"}],"wp:attachment":[{"href":"https:\/\/blogs.amarinha.gal\/ribadeando\/wp-json\/wp\/v2\/media?parent=3663"}],"wp:term":[{"taxonomy":"category","embeddable":true,"href":"https:\/\/blogs.amarinha.gal\/ribadeando\/wp-json\/wp\/v2\/categories?post=3663"},{"taxonomy":"post_tag","embeddable":true,"href":"https:\/\/blogs.amarinha.gal\/ribadeando\/wp-json\/wp\/v2\/tags?post=3663"}],"curies":[{"name":"wp","href":"https:\/\/api.w.org\/{rel}","templated":true}]}}