{"id":3470,"date":"2021-12-30T21:12:00","date_gmt":"2021-12-30T20:12:00","guid":{"rendered":""},"modified":"2024-10-25T11:04:29","modified_gmt":"2024-10-25T09:04:29","slug":"sobre-demografia-e-movementos-de","status":"publish","type":"post","link":"https:\/\/blogs.amarinha.gal\/ribadeando\/2021\/12\/30\/sobre-demografia-e-movementos-de\/","title":{"rendered":"Sobre demograf\u00eda e movementos de poboaci\u00f3n"},"content":{"rendered":"<p><span>&nbsp;&nbsp;&nbsp; <\/span>De xeito peri\u00f3dico aparecen novas sobre demograf\u00eda en Galicia. O normal \u00e9 que sexan notas pesimistas en relaci\u00f3n a datos reais do desenvolvemento poboacional actual e proxecci\u00f3n cara \u00f3 futuro dos galegos, mais esta mesma semana apareceron novas sobre o movemento poboacional relacionado coa pandemia, en base a que o<a href=\"https:\/\/blogs.amarinha.gal\/ribadeando\/search?q=+INE+\" rel=\"nofollow noopener\" target=\"_blank\"> INE <\/a>publicou o <a href=\"https:\/\/blogs.amarinha.gal\/ribadeando\/search?q=censo\" rel=\"nofollow noopener\" target=\"_blank\">censo<\/a> de xaneiro de 2021. A idea baixo os titulares era que a <a href=\"https:\/\/blogs.amarinha.gal\/ribadeando\/search?q=Covid\" rel=\"nofollow noopener\" target=\"_blank\">COVID<\/a> impulsou un movemento de poboaci\u00f3n f\u00f3ra das cidades.<\/p>\n<p><span>&nbsp;&nbsp;&nbsp; <\/span>A nivel xeral, Galicia acadou un pico poboacional nos anos 80, e logo outro (m\u00e1is baixo) no 2010. Este \u00faltimo, netamente por entrada de xente de f\u00f3ra, inmigrantes (e emigrantes retornados). Pero dende esta \u00faltima data, os rexistros indican que leva perdido 100 000 habitantes, cami\u00f1o dun 4 % da poboaci\u00f3n, unha cantidade considerable. E, s\u00f3 no 2020, m\u00e1is de 6000 veci\u00f1os.<\/p>\n<p><a href=\"https:\/\/blogs.amarinha.gal\/ribadeando\/wp-content\/uploads\/sites\/4\/2021\/12\/sobre-demografia-e-movementos-de-390158729.jpeg\" imageanchor=\"1\" style=\"margin-left: 1em; margin-right: 1em;\"><img loading=\"lazy\" decoding=\"async\" height=\"344\" src=\"https:\/\/blogs.amarinha.gal\/ribadeando\/wp-content\/uploads\/sites\/4\/2021\/12\/sobre-demografia-e-movementos-de-390158729.jpeg\" class=\"wp-image-3471\" width=\"640\" \/><\/a><\/p>\n<p><span>&nbsp;&nbsp;&nbsp; <\/span>Nese contexto, o dicir que o conxunto das sete cidades galegas perdeu uns 5000<span> habitantes coido que, sen deixar de ser relevante de por si, pasa a ser algo relativo. E m\u00e1is a\u00ednda cando esas persoas despraz\u00e1ronse, na pr\u00e1ctica, a zonas lim\u00edtrofes \u00e1s cidades, a zonas que poderiamos chamar suburbanas m\u00e1is ca rurais. E \u00e9 que as rurais &#8216;aut\u00e9nticas&#8217; m\u00e1is ben seguen a perder peso demogr\u00e1fico dentro de Galicia. Algo que se pode ver comparando n\u00fameros dalg\u00fans lugares, como a provincia de Lugo ou a Mari\u00f1a (o conxunto das tres definidas &#8216;comarcas&#8217; que forman parte dela).<\/span><\/p>\n<p><span><span>&nbsp;&nbsp;&nbsp; <\/span>No caso da provincia, Lugo perdeu dende o 2010 \u00f3 2021, 27 000 habitantes, cousa dun 7% da poboaci\u00f3n, e, no 2020, m\u00e1is de 2000, \u00e9 dicir, un terzo da perda total de Galicia dese ano, tendo menos dun sexto da poboaci\u00f3n.<\/span><\/p>\n<\/p>\n<p><span><a href=\"https:\/\/blogs.amarinha.gal\/ribadeando\/wp-content\/uploads\/sites\/4\/2021\/12\/sobre-demografia-e-movementos-de-718163597.jpeg\" imageanchor=\"1\" style=\"margin-left: 1em; margin-right: 1em;\"><img loading=\"lazy\" decoding=\"async\" height=\"358\" src=\"https:\/\/blogs.amarinha.gal\/ribadeando\/wp-content\/uploads\/sites\/4\/2021\/12\/sobre-demografia-e-movementos-de-718163597.jpeg\" class=\"wp-image-3472\" width=\"640\" \/><\/a><\/span><\/p>\n<p><span><span>&nbsp;&nbsp;&nbsp; <\/span>Dentro da provincia, se quitamos o entorno da capital, a zona relativamente m\u00e1is poboada \u00e9 a da Mari\u00f1a, a\u00ednda que sen ning\u00fan n\u00facleo urbano que pase dos 10 000 habitantes (a excepci\u00f3n de que consideremos Viveiro e Covas como un n\u00facleo \u00fanico). A Mari\u00f1a perdeu dende o 2010 case 6000 habitantes, m\u00e1is do 7 %, e no 2020, m\u00e1is de 300, case un 0,5 %. \u00c9 dicir, no conxunto da d\u00e9cada pasada, perdeu habitantes na pr\u00e1ctica na mesma porcentaxe que o resto da provincia (e ben maior que Galicia), e no \u00faltimo ano, que marcar\u00eda a diferencia da COVID, a dobre ritmo que Galicia a\u00ednda que dito ritmo sexa menor que o da provincia.<\/span><\/p>\n<p><span><span>&nbsp;&nbsp;&nbsp; <\/span>Baixando a\u00ednda de nivel, dentro da Mari\u00f1a, os catro concellos que concentran a maior\u00eda da poboaci\u00f3n (de oeste a leste, Viveiro, Burela, Foz e Ribadeo), case os dous terzos dela cos datos de 2021 na man, levan subindo porcentaxe de habitantes dentro da comarca (ano 1981, 42 %, 2010, 61 %, 2021, 63 %), a\u00ednda que dende 2010 perderan en conxunto case 1000 habitantes, e no 2020, 250, unha porcentaxe neste \u00faltimo caso semellante \u00f3 total da Mari\u00f1a.<\/span><\/p>\n<\/p>\n<p><span><a href=\"https:\/\/blogs.amarinha.gal\/ribadeando\/wp-content\/uploads\/sites\/4\/2021\/12\/sobre-demografia-e-movementos-de-58660707.jpeg\" imageanchor=\"1\" style=\"margin-left: 1em; margin-right: 1em;\"><img loading=\"lazy\" decoding=\"async\" height=\"352\" src=\"https:\/\/blogs.amarinha.gal\/ribadeando\/wp-content\/uploads\/sites\/4\/2021\/12\/sobre-demografia-e-movementos-de-58660707.jpeg\" class=\"wp-image-3473\" width=\"640\" \/><\/a><\/span><\/p>\n<p><span>&nbsp;<\/span><\/p>\n<p><span><span>&nbsp;&nbsp;&nbsp; <\/span>Resumindo, os movementos de poboaci\u00f3n pola COVID existen, pero en relaci\u00f3n \u00e1 evoluci\u00f3n xeral da poboaci\u00f3n en Galicia s\u00f3 son unha superposici\u00f3n \u00e1 tendencia observada con anterioridade. Superposici\u00f3n que a\u00ednda est\u00e1 por ver se \u00e9 ou non pasaxeira fronte a unha tendencia que pode agravarse con problemas como os que ten a Mari\u00f1a con industrias como <a href=\"https:\/\/blogs.amarinha.gal\/ribadeando\/search?q=Vestas\" rel=\"nofollow noopener\" target=\"_blank\">Vestas<\/a> ou <a href=\"https:\/\/blogs.amarinha.gal\/ribadeando\/search?q=Alcoa\" rel=\"nofollow noopener\" target=\"_blank\">Alcoa<\/a>.<\/span><\/p>\n","protected":false},"excerpt":{"rendered":"<p>&nbsp;&nbsp;&nbsp; De xeito peri\u00f3dico aparecen novas sobre demograf\u00eda en Galicia. O normal \u00e9 que sexan notas pesimistas en relaci\u00f3n a datos reais do desenvolvemento poboacional actual e proxecci\u00f3n cara \u00f3 futuro dos galegos, mais esta mesma semana apareceron novas sobre o movemento poboacional relacionado coa pandemia, en base a que o INE publicou o censo [&hellip;]<\/p>\n","protected":false},"author":3,"featured_media":3471,"comment_status":"open","ping_status":"closed","sticky":false,"template":"","format":"standard","meta":{"activitypub_content_warning":"","activitypub_content_visibility":"","activitypub_max_image_attachments":3,"activitypub_interaction_policy_quote":"anyone","activitypub_status":"federated","footnotes":""},"categories":[1],"tags":[75,67,9],"class_list":["post-3470","post","type-post","status-publish","format-standard","has-post-thumbnail","hentry","category-sen-categoria","tag-coronavirus","tag-estatisticas","tag-sociedade"],"_links":{"self":[{"href":"https:\/\/blogs.amarinha.gal\/ribadeando\/wp-json\/wp\/v2\/posts\/3470","targetHints":{"allow":["GET"]}}],"collection":[{"href":"https:\/\/blogs.amarinha.gal\/ribadeando\/wp-json\/wp\/v2\/posts"}],"about":[{"href":"https:\/\/blogs.amarinha.gal\/ribadeando\/wp-json\/wp\/v2\/types\/post"}],"author":[{"embeddable":true,"href":"https:\/\/blogs.amarinha.gal\/ribadeando\/wp-json\/wp\/v2\/users\/3"}],"replies":[{"embeddable":true,"href":"https:\/\/blogs.amarinha.gal\/ribadeando\/wp-json\/wp\/v2\/comments?post=3470"}],"version-history":[{"count":0,"href":"https:\/\/blogs.amarinha.gal\/ribadeando\/wp-json\/wp\/v2\/posts\/3470\/revisions"}],"wp:featuredmedia":[{"embeddable":true,"href":"https:\/\/blogs.amarinha.gal\/ribadeando\/wp-json\/wp\/v2\/media\/3471"}],"wp:attachment":[{"href":"https:\/\/blogs.amarinha.gal\/ribadeando\/wp-json\/wp\/v2\/media?parent=3470"}],"wp:term":[{"taxonomy":"category","embeddable":true,"href":"https:\/\/blogs.amarinha.gal\/ribadeando\/wp-json\/wp\/v2\/categories?post=3470"},{"taxonomy":"post_tag","embeddable":true,"href":"https:\/\/blogs.amarinha.gal\/ribadeando\/wp-json\/wp\/v2\/tags?post=3470"}],"curies":[{"name":"wp","href":"https:\/\/api.w.org\/{rel}","templated":true}]}}