{"id":3440,"date":"2022-01-05T10:19:00","date_gmt":"2022-01-05T09:19:00","guid":{"rendered":""},"modified":"2024-10-25T11:03:34","modified_gmt":"2024-10-25T09:03:34","slug":"coronavirus-en-ribadeo-mercores-20221205","status":"publish","type":"post","link":"https:\/\/blogs.amarinha.gal\/ribadeando\/2022\/01\/05\/coronavirus-en-ribadeo-mercores-20221205\/","title":{"rendered":"Coronavirus en Ribadeo, m\u00e9rcores 20221205"},"content":{"rendered":"<p><span>&nbsp;&nbsp;&nbsp; <\/span>Nova marca. 125 infectados, incidencia a 14 d\u00edas de 1250 por cada 100 000 habitantes. Nalg\u00fan momento ter\u00e1 que parar de subir&#8230;<\/p>\n<p><a href=\"https:\/\/blogs.amarinha.gal\/ribadeando\/wp-content\/uploads\/sites\/4\/2022\/01\/coronavirus-en-ribadeo-mercores-20221205-1421571905.jpeg\" imageanchor=\"1\" style=\"margin-left: 1em; margin-right: 1em;\"><img loading=\"lazy\" decoding=\"async\" height=\"338\" src=\"https:\/\/blogs.amarinha.gal\/ribadeando\/wp-content\/uploads\/sites\/4\/2022\/01\/coronavirus-en-ribadeo-mercores-20221205-1421571905.jpeg\" class=\"wp-image-3441\" width=\"640\" \/><\/a><\/p>\n<p><a href=\"https:\/\/blogs.amarinha.gal\/ribadeando\/search?q=coronavirus+en+Ribadeo\" rel=\"nofollow noopener\" target=\"_blank\">Anteriores<\/a>.<\/p>\n","protected":false},"excerpt":{"rendered":"<p>&nbsp;&nbsp;&nbsp; Nova marca. 125 infectados, incidencia a 14 d\u00edas de 1250 por cada 100 000 habitantes. Nalg\u00fan momento ter\u00e1 que parar de subir&#8230; Anteriores.<\/p>\n","protected":false},"author":3,"featured_media":3441,"comment_status":"open","ping_status":"closed","sticky":false,"template":"","format":"standard","meta":{"activitypub_content_warning":"","activitypub_content_visibility":"","activitypub_max_image_attachments":3,"activitypub_interaction_policy_quote":"anyone","activitypub_status":"federated","footnotes":""},"categories":[1],"tags":[75,67],"class_list":["post-3440","post","type-post","status-publish","format-standard","has-post-thumbnail","hentry","category-sen-categoria","tag-coronavirus","tag-estatisticas"],"_links":{"self":[{"href":"https:\/\/blogs.amarinha.gal\/ribadeando\/wp-json\/wp\/v2\/posts\/3440","targetHints":{"allow":["GET"]}}],"collection":[{"href":"https:\/\/blogs.amarinha.gal\/ribadeando\/wp-json\/wp\/v2\/posts"}],"about":[{"href":"https:\/\/blogs.amarinha.gal\/ribadeando\/wp-json\/wp\/v2\/types\/post"}],"author":[{"embeddable":true,"href":"https:\/\/blogs.amarinha.gal\/ribadeando\/wp-json\/wp\/v2\/users\/3"}],"replies":[{"embeddable":true,"href":"https:\/\/blogs.amarinha.gal\/ribadeando\/wp-json\/wp\/v2\/comments?post=3440"}],"version-history":[{"count":0,"href":"https:\/\/blogs.amarinha.gal\/ribadeando\/wp-json\/wp\/v2\/posts\/3440\/revisions"}],"wp:featuredmedia":[{"embeddable":true,"href":"https:\/\/blogs.amarinha.gal\/ribadeando\/wp-json\/wp\/v2\/media\/3441"}],"wp:attachment":[{"href":"https:\/\/blogs.amarinha.gal\/ribadeando\/wp-json\/wp\/v2\/media?parent=3440"}],"wp:term":[{"taxonomy":"category","embeddable":true,"href":"https:\/\/blogs.amarinha.gal\/ribadeando\/wp-json\/wp\/v2\/categories?post=3440"},{"taxonomy":"post_tag","embeddable":true,"href":"https:\/\/blogs.amarinha.gal\/ribadeando\/wp-json\/wp\/v2\/tags?post=3440"}],"curies":[{"name":"wp","href":"https:\/\/api.w.org\/{rel}","templated":true}]}}