{"id":3346,"date":"2022-01-23T10:42:00","date_gmt":"2022-01-23T09:42:00","guid":{"rendered":""},"modified":"2024-10-24T19:51:40","modified_gmt":"2024-10-24T17:51:40","slug":"coronavirus-en-ribadeo-domingo-20220123","status":"publish","type":"post","link":"https:\/\/blogs.amarinha.gal\/ribadeando\/2022\/01\/23\/coronavirus-en-ribadeo-domingo-20220123\/","title":{"rendered":"Coronavirus en Ribadeo, domingo 20220123"},"content":{"rendered":"<p><span>&nbsp;&nbsp;&nbsp; <\/span>Previsible pr\u00f3xima baixada, pero polo momento, aumenta a\u00ednda despois de ter afectado a unha de cada 25 persoas de Rbadeo os \u00faltimos 14 d\u00edas. 406 casos, incidencia de 4060 por cada 100 000 habitantes a 14 d\u00edas, pero os datos a 7 d\u00edas son menos da metade, indicando un pr\u00f3ximo descenso. deixo a gr\u00e1fica de sempre, e a de m\u00e1is dun ano, para comparar:<\/p>\n<p><a href=\"https:\/\/blogs.amarinha.gal\/ribadeando\/wp-content\/uploads\/sites\/4\/2022\/01\/coronavirus-en-ribadeo-domingo-20220123-456118983.jpeg\" style=\"margin-left: 1em; margin-right: 1em;\"><img loading=\"lazy\" decoding=\"async\" height=\"346\" src=\"https:\/\/blogs.amarinha.gal\/ribadeando\/wp-content\/uploads\/sites\/4\/2022\/01\/coronavirus-en-ribadeo-domingo-20220123-456118983.jpeg\" class=\"wp-image-3347\" width=\"640\" \/><\/a><\/p>\n<p><a href=\"https:\/\/blogs.amarinha.gal\/ribadeando\/wp-content\/uploads\/sites\/4\/2022\/01\/coronavirus-en-ribadeo-domingo-20220123-1653948143.jpeg\" style=\"margin-left: 1em; margin-right: 1em;\"><img loading=\"lazy\" decoding=\"async\" height=\"318\" src=\"https:\/\/blogs.amarinha.gal\/ribadeando\/wp-content\/uploads\/sites\/4\/2022\/01\/coronavirus-en-ribadeo-domingo-20220123-1653948143.jpeg\" class=\"wp-image-3348\" width=\"640\" \/><\/a><\/p>\n<p><a href=\"https:\/\/blogs.amarinha.gal\/ribadeando\/search?q=coronavirus+en+Ribadeo\" rel=\"nofollow noopener\" target=\"_blank\">Anteriores<\/a>.<\/p>\n","protected":false},"excerpt":{"rendered":"<p>&nbsp;&nbsp;&nbsp; Previsible pr\u00f3xima baixada, pero polo momento, aumenta a\u00ednda despois de ter afectado a unha de cada 25 persoas de Rbadeo os \u00faltimos 14 d\u00edas. 406 casos, incidencia de 4060 por cada 100 000 habitantes a 14 d\u00edas, pero os datos a 7 d\u00edas son menos da metade, indicando un pr\u00f3ximo descenso. deixo a gr\u00e1fica [&hellip;]<\/p>\n","protected":false},"author":3,"featured_media":3347,"comment_status":"open","ping_status":"closed","sticky":false,"template":"","format":"standard","meta":{"activitypub_content_warning":"","activitypub_content_visibility":"","activitypub_max_image_attachments":3,"activitypub_interaction_policy_quote":"anyone","activitypub_status":"federated","footnotes":""},"categories":[1],"tags":[75,67],"class_list":["post-3346","post","type-post","status-publish","format-standard","has-post-thumbnail","hentry","category-sen-categoria","tag-coronavirus","tag-estatisticas"],"_links":{"self":[{"href":"https:\/\/blogs.amarinha.gal\/ribadeando\/wp-json\/wp\/v2\/posts\/3346","targetHints":{"allow":["GET"]}}],"collection":[{"href":"https:\/\/blogs.amarinha.gal\/ribadeando\/wp-json\/wp\/v2\/posts"}],"about":[{"href":"https:\/\/blogs.amarinha.gal\/ribadeando\/wp-json\/wp\/v2\/types\/post"}],"author":[{"embeddable":true,"href":"https:\/\/blogs.amarinha.gal\/ribadeando\/wp-json\/wp\/v2\/users\/3"}],"replies":[{"embeddable":true,"href":"https:\/\/blogs.amarinha.gal\/ribadeando\/wp-json\/wp\/v2\/comments?post=3346"}],"version-history":[{"count":0,"href":"https:\/\/blogs.amarinha.gal\/ribadeando\/wp-json\/wp\/v2\/posts\/3346\/revisions"}],"wp:featuredmedia":[{"embeddable":true,"href":"https:\/\/blogs.amarinha.gal\/ribadeando\/wp-json\/wp\/v2\/media\/3347"}],"wp:attachment":[{"href":"https:\/\/blogs.amarinha.gal\/ribadeando\/wp-json\/wp\/v2\/media?parent=3346"}],"wp:term":[{"taxonomy":"category","embeddable":true,"href":"https:\/\/blogs.amarinha.gal\/ribadeando\/wp-json\/wp\/v2\/categories?post=3346"},{"taxonomy":"post_tag","embeddable":true,"href":"https:\/\/blogs.amarinha.gal\/ribadeando\/wp-json\/wp\/v2\/tags?post=3346"}],"curies":[{"name":"wp","href":"https:\/\/api.w.org\/{rel}","templated":true}]}}