{"id":3343,"date":"2022-01-23T10:52:00","date_gmt":"2022-01-23T09:52:00","guid":{"rendered":""},"modified":"2024-10-24T19:51:35","modified_gmt":"2024-10-24T17:51:35","slug":"coronavirus-en-vilalba-domingo-20220123","status":"publish","type":"post","link":"https:\/\/blogs.amarinha.gal\/ribadeando\/2022\/01\/23\/coronavirus-en-vilalba-domingo-20220123\/","title":{"rendered":"Coronavirus en Vilalba, domingo 20220123: case 1 de cada 30 vilalbeses foron infectados nos \u00faltimos 14 d\u00edas"},"content":{"rendered":"<p><span>&nbsp;&nbsp;&nbsp; <\/span>424, incidencia de 3225 por cada 100 000 habitantes \u00f3s 14 d\u00edas. Iso significa que case 1 de cada 30 vilalbeses foron infectados os \u00faltimos 30 d\u00edas. A pesar diso, como a incidencia a 7 d\u00edas xa \u00e9 menor da metade, comezar\u00e1 a baixa a incidencia a 14 d\u00edas xa esta semana. Deixo d\u00faas gr\u00e1ficas, a de sempre e a que represeta o ano en conxunto, para comparar:<\/p>\n<p><a href=\"https:\/\/blogs.amarinha.gal\/ribadeando\/wp-content\/uploads\/sites\/4\/2022\/01\/coronavirus-en-vilalba-domingo-20220123-135818549.jpeg\" imageanchor=\"1\" style=\"margin-left: 1em; margin-right: 1em;\"><img loading=\"lazy\" decoding=\"async\" height=\"362\" src=\"https:\/\/blogs.amarinha.gal\/ribadeando\/wp-content\/uploads\/sites\/4\/2022\/01\/coronavirus-en-vilalba-domingo-20220123-135818549.jpeg\" class=\"wp-image-3344\" width=\"640\" \/><\/a><\/p>\n<p><a href=\"https:\/\/blogs.amarinha.gal\/ribadeando\/wp-content\/uploads\/sites\/4\/2022\/01\/coronavirus-en-vilalba-domingo-20220123-2076118388.jpeg\" imageanchor=\"1\" style=\"margin-left: 1em; margin-right: 1em;\"><img loading=\"lazy\" decoding=\"async\" height=\"360\" src=\"https:\/\/blogs.amarinha.gal\/ribadeando\/wp-content\/uploads\/sites\/4\/2022\/01\/coronavirus-en-vilalba-domingo-20220123-2076118388.jpeg\" class=\"wp-image-3345\" width=\"640\" \/><\/a><\/p>\n<p><a href=\"https:\/\/blogs.amarinha.gal\/ribadeando\/search?q=coronavirus+en+Vilalba\" rel=\"nofollow noopener\" target=\"_blank\">Anteriores<\/a>.<\/p>\n","protected":false},"excerpt":{"rendered":"<p>&nbsp;&nbsp;&nbsp; 424, incidencia de 3225 por cada 100 000 habitantes \u00f3s 14 d\u00edas. Iso significa que case 1 de cada 30 vilalbeses foron infectados os \u00faltimos 30 d\u00edas. A pesar diso, como a incidencia a 7 d\u00edas xa \u00e9 menor da metade, comezar\u00e1 a baixa a incidencia a 14 d\u00edas xa esta semana. Deixo d\u00faas [&hellip;]<\/p>\n","protected":false},"author":3,"featured_media":3344,"comment_status":"open","ping_status":"closed","sticky":false,"template":"","format":"standard","meta":{"activitypub_content_warning":"","activitypub_content_visibility":"","activitypub_max_image_attachments":3,"activitypub_interaction_policy_quote":"anyone","activitypub_status":"federated","footnotes":""},"categories":[1],"tags":[75,67,50],"class_list":["post-3343","post","type-post","status-publish","format-standard","has-post-thumbnail","hentry","category-sen-categoria","tag-coronavirus","tag-estatisticas","tag-vilalba"],"_links":{"self":[{"href":"https:\/\/blogs.amarinha.gal\/ribadeando\/wp-json\/wp\/v2\/posts\/3343","targetHints":{"allow":["GET"]}}],"collection":[{"href":"https:\/\/blogs.amarinha.gal\/ribadeando\/wp-json\/wp\/v2\/posts"}],"about":[{"href":"https:\/\/blogs.amarinha.gal\/ribadeando\/wp-json\/wp\/v2\/types\/post"}],"author":[{"embeddable":true,"href":"https:\/\/blogs.amarinha.gal\/ribadeando\/wp-json\/wp\/v2\/users\/3"}],"replies":[{"embeddable":true,"href":"https:\/\/blogs.amarinha.gal\/ribadeando\/wp-json\/wp\/v2\/comments?post=3343"}],"version-history":[{"count":0,"href":"https:\/\/blogs.amarinha.gal\/ribadeando\/wp-json\/wp\/v2\/posts\/3343\/revisions"}],"wp:featuredmedia":[{"embeddable":true,"href":"https:\/\/blogs.amarinha.gal\/ribadeando\/wp-json\/wp\/v2\/media\/3344"}],"wp:attachment":[{"href":"https:\/\/blogs.amarinha.gal\/ribadeando\/wp-json\/wp\/v2\/media?parent=3343"}],"wp:term":[{"taxonomy":"category","embeddable":true,"href":"https:\/\/blogs.amarinha.gal\/ribadeando\/wp-json\/wp\/v2\/categories?post=3343"},{"taxonomy":"post_tag","embeddable":true,"href":"https:\/\/blogs.amarinha.gal\/ribadeando\/wp-json\/wp\/v2\/tags?post=3343"}],"curies":[{"name":"wp","href":"https:\/\/api.w.org\/{rel}","templated":true}]}}