{"id":3335,"date":"2022-01-25T10:25:00","date_gmt":"2022-01-25T09:25:00","guid":{"rendered":""},"modified":"2024-10-24T19:51:20","modified_gmt":"2024-10-24T17:51:20","slug":"coronavirus-en-vilalba-martes-20220125","status":"publish","type":"post","link":"https:\/\/blogs.amarinha.gal\/ribadeando\/2022\/01\/25\/coronavirus-en-vilalba-martes-20220125\/","title":{"rendered":"Coronavirus en Vilalba, martes 20220125"},"content":{"rendered":"<p><span>&nbsp;&nbsp;&nbsp; <\/span>Comeza a baixar. 454 casos, e, como anunciaba d\u00edas anteriores, pola tendencia dos contaxios a 7 d\u00edas, seguir\u00e1 a baixar. Pero iso non quere dicir que non siga a haber que coidarse, m\u00e1is a\u00ednda cando a baixada \u00e9 m\u00ednima&#8230;<\/p>\n<p><a href=\"https:\/\/blogs.amarinha.gal\/ribadeando\/wp-content\/uploads\/sites\/4\/2022\/01\/coronavirus-en-vilalba-martes-20220125-1422950500.jpeg\" imageanchor=\"1\" style=\"margin-left: 1em; margin-right: 1em;\"><img loading=\"lazy\" decoding=\"async\" height=\"368\" src=\"https:\/\/blogs.amarinha.gal\/ribadeando\/wp-content\/uploads\/sites\/4\/2022\/01\/coronavirus-en-vilalba-martes-20220125-1422950500.jpeg\" class=\"wp-image-3336\" width=\"640\" \/><\/a><\/p>\n<p><a href=\"https:\/\/blogs.amarinha.gal\/ribadeando\/search?q=coronavirus+en+Vilalba\" rel=\"nofollow noopener\" target=\"_blank\">Anteriores<\/a>.<\/p>\n","protected":false},"excerpt":{"rendered":"<p>&nbsp;&nbsp;&nbsp; Comeza a baixar. 454 casos, e, como anunciaba d\u00edas anteriores, pola tendencia dos contaxios a 7 d\u00edas, seguir\u00e1 a baixar. Pero iso non quere dicir que non siga a haber que coidarse, m\u00e1is a\u00ednda cando a baixada \u00e9 m\u00ednima&#8230; Anteriores.<\/p>\n","protected":false},"author":3,"featured_media":3336,"comment_status":"open","ping_status":"closed","sticky":false,"template":"","format":"standard","meta":{"activitypub_content_warning":"","activitypub_content_visibility":"","activitypub_max_image_attachments":3,"activitypub_interaction_policy_quote":"anyone","activitypub_status":"federated","footnotes":""},"categories":[1],"tags":[75,67,50],"class_list":["post-3335","post","type-post","status-publish","format-standard","has-post-thumbnail","hentry","category-sen-categoria","tag-coronavirus","tag-estatisticas","tag-vilalba"],"_links":{"self":[{"href":"https:\/\/blogs.amarinha.gal\/ribadeando\/wp-json\/wp\/v2\/posts\/3335","targetHints":{"allow":["GET"]}}],"collection":[{"href":"https:\/\/blogs.amarinha.gal\/ribadeando\/wp-json\/wp\/v2\/posts"}],"about":[{"href":"https:\/\/blogs.amarinha.gal\/ribadeando\/wp-json\/wp\/v2\/types\/post"}],"author":[{"embeddable":true,"href":"https:\/\/blogs.amarinha.gal\/ribadeando\/wp-json\/wp\/v2\/users\/3"}],"replies":[{"embeddable":true,"href":"https:\/\/blogs.amarinha.gal\/ribadeando\/wp-json\/wp\/v2\/comments?post=3335"}],"version-history":[{"count":0,"href":"https:\/\/blogs.amarinha.gal\/ribadeando\/wp-json\/wp\/v2\/posts\/3335\/revisions"}],"wp:featuredmedia":[{"embeddable":true,"href":"https:\/\/blogs.amarinha.gal\/ribadeando\/wp-json\/wp\/v2\/media\/3336"}],"wp:attachment":[{"href":"https:\/\/blogs.amarinha.gal\/ribadeando\/wp-json\/wp\/v2\/media?parent=3335"}],"wp:term":[{"taxonomy":"category","embeddable":true,"href":"https:\/\/blogs.amarinha.gal\/ribadeando\/wp-json\/wp\/v2\/categories?post=3335"},{"taxonomy":"post_tag","embeddable":true,"href":"https:\/\/blogs.amarinha.gal\/ribadeando\/wp-json\/wp\/v2\/tags?post=3335"}],"curies":[{"name":"wp","href":"https:\/\/api.w.org\/{rel}","templated":true}]}}