{"id":3278,"date":"2022-02-03T13:09:00","date_gmt":"2022-02-03T12:09:00","guid":{"rendered":""},"modified":"2024-10-24T17:42:16","modified_gmt":"2024-10-24T15:42:16","slug":"a-casa-do-optico-hoxe","status":"publish","type":"post","link":"https:\/\/blogs.amarinha.gal\/ribadeando\/2022\/02\/03\/a-casa-do-optico-hoxe\/","title":{"rendered":"A casa do \u00d3ptico, hoxe."},"content":{"rendered":"<p><span>&nbsp;&nbsp;&nbsp; <\/span>Por ama\u00f1os na entrada da Galipedia, ped\u00edronme hoxe fotos da Casa do \u00d3ptico, que tam\u00e9n ten unha <a href=\"https:\/\/blogs.amarinha.gal\/ribadeando\/2007\/08\/casas-de-indianos-en-ribadeo-ii-casa-do.html\" rel=\"nofollow noopener\" target=\"_blank\">entrada anterior adicada no blog<\/a>, dentro dunha serie sobre <a href=\"https:\/\/blogs.amarinha.gal\/ribadeando\/2017\/03\/casas-de-indianos-en-ribadeo.html\" rel=\"nofollow noopener\" target=\"_blank\">casas de indianos en Ribadeo<\/a>. As fotos est\u00e1n feitas, e colgadas para o seu uso nos proxectos wikimedia, e d\u00e9ixoas tam\u00e9n aqu\u00ed para a s\u00faa lembranza.<\/p>\n<table align=\"center\" cellpadding=\"0\" cellspacing=\"0\" class=\"tr-caption-container\" style=\"margin-left: auto; margin-right: auto;\">\n<tbody>\n<tr>\n<td style=\"text-align: center;\"><a href=\"https:\/\/blogs.amarinha.gal\/ribadeando\/wp-content\/uploads\/sites\/4\/2022\/02\/a-casa-do-optico-hoxe-419768071.jpeg\" style=\"margin-left: auto; margin-right: auto;\"><img loading=\"lazy\" decoding=\"async\" height=\"480\" src=\"https:\/\/blogs.amarinha.gal\/ribadeando\/wp-content\/uploads\/sites\/4\/2022\/02\/a-casa-do-optico-hoxe-419768071.jpeg\" class=\"wp-image-3279\" width=\"640\" \/><\/a><\/td>\n<\/tr>\n<tr>\n<td class=\"tr-caption\" style=\"text-align: center;\">Esquina NE\n<\/td>\n<\/tr>\n<\/tbody>\n<\/table>\n<table align=\"center\" cellpadding=\"0\" cellspacing=\"0\" class=\"tr-caption-container\" style=\"margin-left: auto; margin-right: auto;\">\n<tbody>\n<tr>\n<td style=\"text-align: center;\"><a href=\"https:\/\/blogs.amarinha.gal\/ribadeando\/wp-content\/uploads\/sites\/4\/2022\/02\/a-casa-do-optico-hoxe-1100822919.jpeg\" style=\"margin-left: auto; margin-right: auto;\"><img loading=\"lazy\" decoding=\"async\" height=\"480\" src=\"https:\/\/blogs.amarinha.gal\/ribadeando\/wp-content\/uploads\/sites\/4\/2022\/02\/a-casa-do-optico-hoxe-1100822919.jpeg\" class=\"wp-image-3280\" width=\"640\" \/><\/a><\/td>\n<\/tr>\n<tr>\n<td class=\"tr-caption\" style=\"text-align: center;\">Fachada (fronte SSO)\n<\/td>\n<\/tr>\n<\/tbody>\n<\/table>\n<table align=\"center\" cellpadding=\"0\" cellspacing=\"0\" class=\"tr-caption-container\" style=\"margin-left: auto; margin-right: auto;\">\n<tbody>\n<tr>\n<td style=\"text-align: center;\"><a href=\"https:\/\/blogs.amarinha.gal\/ribadeando\/wp-content\/uploads\/sites\/4\/2022\/02\/a-casa-do-optico-hoxe-327369966.jpeg\" style=\"margin-left: auto; margin-right: auto;\"><img loading=\"lazy\" decoding=\"async\" height=\"480\" src=\"https:\/\/blogs.amarinha.gal\/ribadeando\/wp-content\/uploads\/sites\/4\/2022\/02\/a-casa-do-optico-hoxe-327369966.jpeg\" class=\"wp-image-3281\" width=\"640\" \/><\/a><\/td>\n<\/tr>\n<tr>\n<td class=\"tr-caption\" style=\"text-align: center;\">Esquina SE\n<\/td>\n<\/tr>\n<\/tbody>\n<\/table>\n<table align=\"center\" cellpadding=\"0\" cellspacing=\"0\" class=\"tr-caption-container\" style=\"margin-left: auto; margin-right: auto;\">\n<tbody>\n<tr>\n<td style=\"text-align: center;\"><a href=\"https:\/\/blogs.amarinha.gal\/ribadeando\/wp-content\/uploads\/sites\/4\/2022\/02\/a-casa-do-optico-hoxe-19498600.jpeg\" style=\"margin-left: auto; margin-right: auto;\"><img loading=\"lazy\" decoding=\"async\" height=\"640\" src=\"https:\/\/blogs.amarinha.gal\/ribadeando\/wp-content\/uploads\/sites\/4\/2022\/02\/a-casa-do-optico-hoxe-19498600.jpeg\" class=\"wp-image-3282\" width=\"480\" \/><\/a><\/td>\n<\/tr>\n<tr>\n<td class=\"tr-caption\" style=\"text-align: center;\">Entrada<\/td>\n<\/tr>\n<\/tbody>\n<\/table>\n<table align=\"center\" cellpadding=\"0\" cellspacing=\"0\" class=\"tr-caption-container\" style=\"margin-left: auto; margin-right: auto;\">\n<tbody>\n<tr>\n<td style=\"text-align: center;\"><a href=\"https:\/\/blogs.amarinha.gal\/ribadeando\/wp-content\/uploads\/sites\/4\/2022\/02\/a-casa-do-optico-hoxe-20061841.jpeg\" style=\"margin-left: auto; margin-right: auto;\"><img loading=\"lazy\" decoding=\"async\" height=\"640\" src=\"https:\/\/blogs.amarinha.gal\/ribadeando\/wp-content\/uploads\/sites\/4\/2022\/02\/a-casa-do-optico-hoxe-20061841.jpeg\" class=\"wp-image-3283\" width=\"480\" \/><\/a><\/td>\n<\/tr>\n<tr>\n<td class=\"tr-caption\" style=\"text-align: center;\">Escaleira<\/td>\n<\/tr>\n<\/tbody>\n<\/table>\n<p>Deixo tam\u00e9n a ligaz\u00f3n \u00e1 entrada da <a href=\"https:\/\/gl.wikipedia.org\/wiki\/Casa_do_%C3%93ptico\" rel=\"nofollow noopener\" target=\"_blank\">Casa do \u00f6ptico na Galipedia<\/a>.<\/p>\n","protected":false},"excerpt":{"rendered":"<p>&nbsp;&nbsp;&nbsp; Por ama\u00f1os na entrada da Galipedia, ped\u00edronme hoxe fotos da Casa do \u00d3ptico, que tam\u00e9n ten unha entrada anterior adicada no blog, dentro dunha serie sobre casas de indianos en Ribadeo. As fotos est\u00e1n feitas, e colgadas para o seu uso nos proxectos wikimedia, e d\u00e9ixoas tam\u00e9n aqu\u00ed para a s\u00faa lembranza. Esquina NE [&hellip;]<\/p>\n","protected":false},"author":3,"featured_media":3279,"comment_status":"open","ping_status":"closed","sticky":false,"template":"","format":"standard","meta":{"activitypub_content_warning":"","activitypub_content_visibility":"","activitypub_max_image_attachments":3,"activitypub_interaction_policy_quote":"anyone","activitypub_status":"federated","footnotes":""},"categories":[1],"tags":[65,92,93,63],"class_list":["post-3278","post","type-post","status-publish","format-standard","has-post-thumbnail","hentry","category-sen-categoria","tag-arquitectura","tag-casas-de-indianos","tag-fotos-ribadeo","tag-galipedia"],"_links":{"self":[{"href":"https:\/\/blogs.amarinha.gal\/ribadeando\/wp-json\/wp\/v2\/posts\/3278","targetHints":{"allow":["GET"]}}],"collection":[{"href":"https:\/\/blogs.amarinha.gal\/ribadeando\/wp-json\/wp\/v2\/posts"}],"about":[{"href":"https:\/\/blogs.amarinha.gal\/ribadeando\/wp-json\/wp\/v2\/types\/post"}],"author":[{"embeddable":true,"href":"https:\/\/blogs.amarinha.gal\/ribadeando\/wp-json\/wp\/v2\/users\/3"}],"replies":[{"embeddable":true,"href":"https:\/\/blogs.amarinha.gal\/ribadeando\/wp-json\/wp\/v2\/comments?post=3278"}],"version-history":[{"count":0,"href":"https:\/\/blogs.amarinha.gal\/ribadeando\/wp-json\/wp\/v2\/posts\/3278\/revisions"}],"wp:featuredmedia":[{"embeddable":true,"href":"https:\/\/blogs.amarinha.gal\/ribadeando\/wp-json\/wp\/v2\/media\/3279"}],"wp:attachment":[{"href":"https:\/\/blogs.amarinha.gal\/ribadeando\/wp-json\/wp\/v2\/media?parent=3278"}],"wp:term":[{"taxonomy":"category","embeddable":true,"href":"https:\/\/blogs.amarinha.gal\/ribadeando\/wp-json\/wp\/v2\/categories?post=3278"},{"taxonomy":"post_tag","embeddable":true,"href":"https:\/\/blogs.amarinha.gal\/ribadeando\/wp-json\/wp\/v2\/tags?post=3278"}],"curies":[{"name":"wp","href":"https:\/\/api.w.org\/{rel}","templated":true}]}}