{"id":3249,"date":"2022-02-07T12:19:00","date_gmt":"2022-02-07T11:19:00","guid":{"rendered":""},"modified":"2024-10-24T17:17:59","modified_gmt":"2024-10-24T15:17:59","slug":"coronavirus-en-ribadeo-luns-20220207","status":"publish","type":"post","link":"https:\/\/blogs.amarinha.gal\/ribadeando\/2022\/02\/07\/coronavirus-en-ribadeo-luns-20220207\/","title":{"rendered":"Coronavirus en Ribadeo, luns 20220207"},"content":{"rendered":"<p><span>&nbsp;&nbsp;&nbsp; <\/span>172 casos, contin\u00faa a baixar. E, dado os caos a sete d\u00edas, seguir\u00e1 baixando, a\u00ednda que non moi r\u00e1pido. Deixo, para comparar, as gr\u00e1ficas desta vaga para Ribadeo, coma sempre, e <a href=\"https:\/\/blogs.amarinha.gal\/ribadeando\/search?q=coronavirus+en+Vilalba&amp;max-results=20&amp;by-date=true\" rel=\"nofollow noopener\" target=\"_blank\">para Vilalba<\/a> (Nota: Vilalba ten un 40 % m\u00e1is de poboaci\u00f3n):<\/p>\n<p><a href=\"https:\/\/blogs.amarinha.gal\/ribadeando\/wp-content\/uploads\/sites\/4\/2022\/02\/coronavirus-en-ribadeo-luns-20220207-1414955438.jpeg\" imageanchor=\"1\" style=\"margin-left: 1em; margin-right: 1em;\"><img loading=\"lazy\" decoding=\"async\" height=\"342\" src=\"https:\/\/blogs.amarinha.gal\/ribadeando\/wp-content\/uploads\/sites\/4\/2022\/02\/coronavirus-en-ribadeo-luns-20220207-1414955438.jpeg\" class=\"wp-image-3250\" width=\"640\" \/><\/a><\/p>\n<p><a href=\"https:\/\/blogs.amarinha.gal\/ribadeando\/wp-content\/uploads\/sites\/4\/2022\/02\/coronavirus-en-ribadeo-luns-20220207-1827162222.jpeg\" imageanchor=\"1\" style=\"margin-left: 1em; margin-right: 1em;\"><img loading=\"lazy\" decoding=\"async\" height=\"368\" src=\"https:\/\/blogs.amarinha.gal\/ribadeando\/wp-content\/uploads\/sites\/4\/2022\/02\/coronavirus-en-ribadeo-luns-20220207-1827162222.jpeg\" class=\"wp-image-3251\" width=\"640\" \/><\/a><\/p>\n<p><a href=\"https:\/\/blogs.amarinha.gal\/ribadeando\/search?q=coronavirus+en+Ribadeo&amp;max-results=20&amp;by-date=true\" rel=\"nofollow noopener\" target=\"_blank\">Anteriores (e seguintes, se as hai)<\/a><\/p>\n","protected":false},"excerpt":{"rendered":"<p>&nbsp;&nbsp;&nbsp; 172 casos, contin\u00faa a baixar. E, dado os caos a sete d\u00edas, seguir\u00e1 baixando, a\u00ednda que non moi r\u00e1pido. Deixo, para comparar, as gr\u00e1ficas desta vaga para Ribadeo, coma sempre, e para Vilalba (Nota: Vilalba ten un 40 % m\u00e1is de poboaci\u00f3n): Anteriores (e seguintes, se as hai)<\/p>\n","protected":false},"author":3,"featured_media":3250,"comment_status":"open","ping_status":"closed","sticky":false,"template":"","format":"standard","meta":{"activitypub_content_warning":"","activitypub_content_visibility":"","activitypub_max_image_attachments":3,"activitypub_interaction_policy_quote":"anyone","activitypub_status":"federated","footnotes":""},"categories":[1],"tags":[75,67],"class_list":["post-3249","post","type-post","status-publish","format-standard","has-post-thumbnail","hentry","category-sen-categoria","tag-coronavirus","tag-estatisticas"],"_links":{"self":[{"href":"https:\/\/blogs.amarinha.gal\/ribadeando\/wp-json\/wp\/v2\/posts\/3249","targetHints":{"allow":["GET"]}}],"collection":[{"href":"https:\/\/blogs.amarinha.gal\/ribadeando\/wp-json\/wp\/v2\/posts"}],"about":[{"href":"https:\/\/blogs.amarinha.gal\/ribadeando\/wp-json\/wp\/v2\/types\/post"}],"author":[{"embeddable":true,"href":"https:\/\/blogs.amarinha.gal\/ribadeando\/wp-json\/wp\/v2\/users\/3"}],"replies":[{"embeddable":true,"href":"https:\/\/blogs.amarinha.gal\/ribadeando\/wp-json\/wp\/v2\/comments?post=3249"}],"version-history":[{"count":0,"href":"https:\/\/blogs.amarinha.gal\/ribadeando\/wp-json\/wp\/v2\/posts\/3249\/revisions"}],"wp:featuredmedia":[{"embeddable":true,"href":"https:\/\/blogs.amarinha.gal\/ribadeando\/wp-json\/wp\/v2\/media\/3250"}],"wp:attachment":[{"href":"https:\/\/blogs.amarinha.gal\/ribadeando\/wp-json\/wp\/v2\/media?parent=3249"}],"wp:term":[{"taxonomy":"category","embeddable":true,"href":"https:\/\/blogs.amarinha.gal\/ribadeando\/wp-json\/wp\/v2\/categories?post=3249"},{"taxonomy":"post_tag","embeddable":true,"href":"https:\/\/blogs.amarinha.gal\/ribadeando\/wp-json\/wp\/v2\/tags?post=3249"}],"curies":[{"name":"wp","href":"https:\/\/api.w.org\/{rel}","templated":true}]}}