{"id":3216,"date":"2022-02-14T09:37:00","date_gmt":"2022-02-14T08:37:00","guid":{"rendered":""},"modified":"2024-10-24T16:31:37","modified_gmt":"2024-10-24T14:31:37","slug":"coronavirus-en-ribadeo-luns-20220214","status":"publish","type":"post","link":"https:\/\/blogs.amarinha.gal\/ribadeando\/2022\/02\/14\/coronavirus-en-ribadeo-luns-20220214\/","title":{"rendered":"Coronavirus en Ribadeo, luns 20220214"},"content":{"rendered":"<p><span>&nbsp;&nbsp;&nbsp; 118 casos, segue a baixar. Incidencia de 1180 por cada 100 000 habitantes. Deixo abaixo a gr\u00e1fica, na que parece que nestes \u00faltimos tempos, quen se encargue dos datos de Ribadeo, rec\u00f3lleos cada dous d\u00edas na folla de c\u00e1lculo correspondente, de escalonados que est\u00e1n.<br \/>\n<\/span><\/p>\n<p><a href=\"https:\/\/blogs.amarinha.gal\/ribadeando\/wp-content\/uploads\/sites\/4\/2022\/02\/coronavirus-en-ribadeo-luns-20220214-303267559.jpeg\" imageanchor=\"1\" style=\"margin-left: 1em; margin-right: 1em;\"><img loading=\"lazy\" decoding=\"async\" height=\"346\" src=\"https:\/\/blogs.amarinha.gal\/ribadeando\/wp-content\/uploads\/sites\/4\/2022\/02\/coronavirus-en-ribadeo-luns-20220214-303267559.jpeg\" class=\"wp-image-3217\" width=\"640\" \/><\/a><\/p>\n<p><a href=\"https:\/\/blogs.amarinha.gal\/ribadeando\/search?q=coronavirus+en+Ribadeo&amp;max-results=20&amp;by-date=true\" rel=\"nofollow noopener\" target=\"_blank\">Anteriores (e posteriores, se hai)<\/a><\/p>\n","protected":false},"excerpt":{"rendered":"<p>&nbsp;&nbsp;&nbsp; 118 casos, segue a baixar. Incidencia de 1180 por cada 100 000 habitantes. Deixo abaixo a gr\u00e1fica, na que parece que nestes \u00faltimos tempos, quen se encargue dos datos de Ribadeo, rec\u00f3lleos cada dous d\u00edas na folla de c\u00e1lculo correspondente, de escalonados que est\u00e1n. Anteriores (e posteriores, se hai)<\/p>\n","protected":false},"author":3,"featured_media":3217,"comment_status":"open","ping_status":"closed","sticky":false,"template":"","format":"standard","meta":{"activitypub_content_warning":"","activitypub_content_visibility":"","activitypub_max_image_attachments":3,"activitypub_interaction_policy_quote":"anyone","activitypub_status":"federate","footnotes":""},"categories":[1],"tags":[75,67],"class_list":["post-3216","post","type-post","status-publish","format-standard","has-post-thumbnail","hentry","category-sen-categoria","tag-coronavirus","tag-estatisticas"],"_links":{"self":[{"href":"https:\/\/blogs.amarinha.gal\/ribadeando\/wp-json\/wp\/v2\/posts\/3216","targetHints":{"allow":["GET"]}}],"collection":[{"href":"https:\/\/blogs.amarinha.gal\/ribadeando\/wp-json\/wp\/v2\/posts"}],"about":[{"href":"https:\/\/blogs.amarinha.gal\/ribadeando\/wp-json\/wp\/v2\/types\/post"}],"author":[{"embeddable":true,"href":"https:\/\/blogs.amarinha.gal\/ribadeando\/wp-json\/wp\/v2\/users\/3"}],"replies":[{"embeddable":true,"href":"https:\/\/blogs.amarinha.gal\/ribadeando\/wp-json\/wp\/v2\/comments?post=3216"}],"version-history":[{"count":0,"href":"https:\/\/blogs.amarinha.gal\/ribadeando\/wp-json\/wp\/v2\/posts\/3216\/revisions"}],"wp:featuredmedia":[{"embeddable":true,"href":"https:\/\/blogs.amarinha.gal\/ribadeando\/wp-json\/wp\/v2\/media\/3217"}],"wp:attachment":[{"href":"https:\/\/blogs.amarinha.gal\/ribadeando\/wp-json\/wp\/v2\/media?parent=3216"}],"wp:term":[{"taxonomy":"category","embeddable":true,"href":"https:\/\/blogs.amarinha.gal\/ribadeando\/wp-json\/wp\/v2\/categories?post=3216"},{"taxonomy":"post_tag","embeddable":true,"href":"https:\/\/blogs.amarinha.gal\/ribadeando\/wp-json\/wp\/v2\/tags?post=3216"}],"curies":[{"name":"wp","href":"https:\/\/api.w.org\/{rel}","templated":true}]}}