{"id":3165,"date":"2022-02-23T10:11:00","date_gmt":"2022-02-23T09:11:00","guid":{"rendered":""},"modified":"2024-10-24T16:23:40","modified_gmt":"2024-10-24T14:23:40","slug":"coronavirus-en-ribadeo-mercores-20220223","status":"publish","type":"post","link":"https:\/\/blogs.amarinha.gal\/ribadeando\/2022\/02\/23\/coronavirus-en-ribadeo-mercores-20220223\/","title":{"rendered":"Coronavirus en Ribadeo, m\u00e9rcores 20220223"},"content":{"rendered":"<p><span>&nbsp;&nbsp;&nbsp; <\/span>No d\u00eda de Rosal\u00eda, nova baixada: 85 casos. Incidencia de 850 por cada 100 000 habitantes a 14 d\u00edas.<\/p>\n<p><a href=\"https:\/\/blogs.amarinha.gal\/ribadeando\/wp-content\/uploads\/sites\/4\/2022\/02\/coronavirus-en-ribadeo-mercores-20220223-1397067343.png\" imageanchor=\"1\" style=\"margin-left: 1em; margin-right: 1em;\"><img loading=\"lazy\" decoding=\"async\" height=\"350\" src=\"https:\/\/blogs.amarinha.gal\/ribadeando\/wp-content\/uploads\/sites\/4\/2022\/02\/coronavirus-en-ribadeo-mercores-20220223-1397067343.png\" class=\"wp-image-3166\" width=\"640\" \/><\/a><\/p>\n<p><a href=\"https:\/\/blogs.amarinha.gal\/ribadeando\/search?q=coronavirus+en+Ribadeo&amp;max-results=20&amp;by-date=true\" rel=\"nofollow noopener\" target=\"_blank\">Anteriores (e posteriores, se hai)<\/a><\/p>\n","protected":false},"excerpt":{"rendered":"<p>&nbsp;&nbsp;&nbsp; No d\u00eda de Rosal\u00eda, nova baixada: 85 casos. Incidencia de 850 por cada 100 000 habitantes a 14 d\u00edas. Anteriores (e posteriores, se hai)<\/p>\n","protected":false},"author":3,"featured_media":3166,"comment_status":"open","ping_status":"closed","sticky":false,"template":"","format":"standard","meta":{"activitypub_content_warning":"","activitypub_content_visibility":"","activitypub_max_image_attachments":3,"activitypub_interaction_policy_quote":"anyone","activitypub_status":"federated","footnotes":""},"categories":[1],"tags":[75,67],"class_list":["post-3165","post","type-post","status-publish","format-standard","has-post-thumbnail","hentry","category-sen-categoria","tag-coronavirus","tag-estatisticas"],"_links":{"self":[{"href":"https:\/\/blogs.amarinha.gal\/ribadeando\/wp-json\/wp\/v2\/posts\/3165","targetHints":{"allow":["GET"]}}],"collection":[{"href":"https:\/\/blogs.amarinha.gal\/ribadeando\/wp-json\/wp\/v2\/posts"}],"about":[{"href":"https:\/\/blogs.amarinha.gal\/ribadeando\/wp-json\/wp\/v2\/types\/post"}],"author":[{"embeddable":true,"href":"https:\/\/blogs.amarinha.gal\/ribadeando\/wp-json\/wp\/v2\/users\/3"}],"replies":[{"embeddable":true,"href":"https:\/\/blogs.amarinha.gal\/ribadeando\/wp-json\/wp\/v2\/comments?post=3165"}],"version-history":[{"count":0,"href":"https:\/\/blogs.amarinha.gal\/ribadeando\/wp-json\/wp\/v2\/posts\/3165\/revisions"}],"wp:featuredmedia":[{"embeddable":true,"href":"https:\/\/blogs.amarinha.gal\/ribadeando\/wp-json\/wp\/v2\/media\/3166"}],"wp:attachment":[{"href":"https:\/\/blogs.amarinha.gal\/ribadeando\/wp-json\/wp\/v2\/media?parent=3165"}],"wp:term":[{"taxonomy":"category","embeddable":true,"href":"https:\/\/blogs.amarinha.gal\/ribadeando\/wp-json\/wp\/v2\/categories?post=3165"},{"taxonomy":"post_tag","embeddable":true,"href":"https:\/\/blogs.amarinha.gal\/ribadeando\/wp-json\/wp\/v2\/tags?post=3165"}],"curies":[{"name":"wp","href":"https:\/\/api.w.org\/{rel}","templated":true}]}}