{"id":3150,"date":"2022-02-25T13:14:00","date_gmt":"2022-02-25T12:14:00","guid":{"rendered":""},"modified":"2024-10-24T16:23:15","modified_gmt":"2024-10-24T14:23:15","slug":"coronavirus-en-vilalba-venres-20220225","status":"publish","type":"post","link":"https:\/\/blogs.amarinha.gal\/ribadeando\/2022\/02\/25\/coronavirus-en-vilalba-venres-20220225\/","title":{"rendered":"Coronavirus en Vilalba, venres 20220225"},"content":{"rendered":"<p><span>&nbsp;&nbsp;&nbsp; <\/span>170 casos, descenso importante, e \u00e9 previsible que toda a pr\u00f3xima semana vaia descendendo. Hoxe, incidencia a 14 d\u00edas, 1207 por cada 100 000 habitantes.<\/p>\n<p><a href=\"https:\/\/blogs.amarinha.gal\/ribadeando\/wp-content\/uploads\/sites\/4\/2022\/02\/coronavirus-en-vilalba-venres-20220225-474945580.png\" imageanchor=\"1\" style=\"margin-left: 1em; margin-right: 1em;\"><img loading=\"lazy\" decoding=\"async\" height=\"372\" src=\"https:\/\/blogs.amarinha.gal\/ribadeando\/wp-content\/uploads\/sites\/4\/2022\/02\/coronavirus-en-vilalba-venres-20220225-474945580.png\" class=\"wp-image-3151\" width=\"640\" \/><\/a><\/p>\n<p><a href=\"https:\/\/blogs.amarinha.gal\/ribadeando\/search?q=coronavirus+en+Vilalba&amp;max-results=20&amp;by-date=true\" rel=\"nofollow noopener\" target=\"_blank\">Anteriores (e posterioress, se hai)<\/a><\/p>\n","protected":false},"excerpt":{"rendered":"<p>&nbsp;&nbsp;&nbsp; 170 casos, descenso importante, e \u00e9 previsible que toda a pr\u00f3xima semana vaia descendendo. Hoxe, incidencia a 14 d\u00edas, 1207 por cada 100 000 habitantes. Anteriores (e posterioress, se hai)<\/p>\n","protected":false},"author":3,"featured_media":3151,"comment_status":"open","ping_status":"closed","sticky":false,"template":"","format":"standard","meta":{"activitypub_content_warning":"","activitypub_content_visibility":"","activitypub_max_image_attachments":3,"activitypub_interaction_policy_quote":"anyone","activitypub_status":"federated","footnotes":""},"categories":[1],"tags":[75,67,50],"class_list":["post-3150","post","type-post","status-publish","format-standard","has-post-thumbnail","hentry","category-sen-categoria","tag-coronavirus","tag-estatisticas","tag-vilalba"],"_links":{"self":[{"href":"https:\/\/blogs.amarinha.gal\/ribadeando\/wp-json\/wp\/v2\/posts\/3150","targetHints":{"allow":["GET"]}}],"collection":[{"href":"https:\/\/blogs.amarinha.gal\/ribadeando\/wp-json\/wp\/v2\/posts"}],"about":[{"href":"https:\/\/blogs.amarinha.gal\/ribadeando\/wp-json\/wp\/v2\/types\/post"}],"author":[{"embeddable":true,"href":"https:\/\/blogs.amarinha.gal\/ribadeando\/wp-json\/wp\/v2\/users\/3"}],"replies":[{"embeddable":true,"href":"https:\/\/blogs.amarinha.gal\/ribadeando\/wp-json\/wp\/v2\/comments?post=3150"}],"version-history":[{"count":0,"href":"https:\/\/blogs.amarinha.gal\/ribadeando\/wp-json\/wp\/v2\/posts\/3150\/revisions"}],"wp:featuredmedia":[{"embeddable":true,"href":"https:\/\/blogs.amarinha.gal\/ribadeando\/wp-json\/wp\/v2\/media\/3151"}],"wp:attachment":[{"href":"https:\/\/blogs.amarinha.gal\/ribadeando\/wp-json\/wp\/v2\/media?parent=3150"}],"wp:term":[{"taxonomy":"category","embeddable":true,"href":"https:\/\/blogs.amarinha.gal\/ribadeando\/wp-json\/wp\/v2\/categories?post=3150"},{"taxonomy":"post_tag","embeddable":true,"href":"https:\/\/blogs.amarinha.gal\/ribadeando\/wp-json\/wp\/v2\/tags?post=3150"}],"curies":[{"name":"wp","href":"https:\/\/api.w.org\/{rel}","templated":true}]}}