{"id":3085,"date":"2022-03-15T10:12:00","date_gmt":"2022-03-15T09:12:00","guid":{"rendered":""},"modified":"2024-10-24T16:03:22","modified_gmt":"2024-10-24T14:03:22","slug":"coronavirus-en-vilalba-martes-20220315","status":"publish","type":"post","link":"https:\/\/blogs.amarinha.gal\/ribadeando\/2022\/03\/15\/coronavirus-en-vilalba-martes-20220315\/","title":{"rendered":"Coronavirus en Vilalba, martes 20220315"},"content":{"rendered":"<p><span>&nbsp;&nbsp;&nbsp; 129<\/span> casos, mantense. a Incidencia, 916 por cada 100 000 habitantes. Unha nota: a Xunta comeza a non renovar datos a diario, en principio, os fins de semana, pero xa levo notado duante estas \u00faltimas semanas o que interpreto como irregularidades, polo que \u00e9 posible que en calquera momento deixe de actualizar as gr\u00e1ficas. Hoxe van a gr\u00e1fica desta vaga (a primeira) e a xeral dende que comecei a coller datos a comezos do ano pasado (a segunda):<\/p>\n<p><a href=\"https:\/\/blogs.amarinha.gal\/ribadeando\/wp-content\/uploads\/sites\/4\/2022\/03\/coronavirus-en-vilalba-martes-20220315-1068983957.png\" imageanchor=\"1\" style=\"margin-left: 1em; margin-right: 1em;\"><img loading=\"lazy\" decoding=\"async\" height=\"380\" src=\"https:\/\/blogs.amarinha.gal\/ribadeando\/wp-content\/uploads\/sites\/4\/2022\/03\/coronavirus-en-vilalba-martes-20220315-1068983957.png\" class=\"wp-image-3086\" width=\"640\" \/><\/a><\/p>\n<p><a href=\"https:\/\/blogs.amarinha.gal\/ribadeando\/wp-content\/uploads\/sites\/4\/2022\/03\/coronavirus-en-vilalba-martes-20220315-1346982686.png\" imageanchor=\"1\" style=\"margin-left: 1em; margin-right: 1em;\"><img loading=\"lazy\" decoding=\"async\" height=\"362\" src=\"https:\/\/blogs.amarinha.gal\/ribadeando\/wp-content\/uploads\/sites\/4\/2022\/03\/coronavirus-en-vilalba-martes-20220315-1346982686.png\" class=\"wp-image-3087\" width=\"640\" \/><\/a><\/p>\n<p><a href=\"https:\/\/blogs.amarinha.gal\/ribadeando\/search?q=coronavirus+en+Vilalba&amp;max-results=20&amp;by-date=true\" rel=\"nofollow noopener\" target=\"_blank\">Anteriores, e posteriores se hai.<\/a><\/p>\n","protected":false},"excerpt":{"rendered":"<p>&nbsp;&nbsp;&nbsp; 129 casos, mantense. a Incidencia, 916 por cada 100 000 habitantes. Unha nota: a Xunta comeza a non renovar datos a diario, en principio, os fins de semana, pero xa levo notado duante estas \u00faltimas semanas o que interpreto como irregularidades, polo que \u00e9 posible que en calquera momento deixe de actualizar as gr\u00e1ficas. [&hellip;]<\/p>\n","protected":false},"author":3,"featured_media":3086,"comment_status":"open","ping_status":"closed","sticky":false,"template":"","format":"standard","meta":{"activitypub_content_warning":"","activitypub_content_visibility":"","activitypub_max_image_attachments":3,"activitypub_interaction_policy_quote":"anyone","activitypub_status":"federated","footnotes":""},"categories":[1],"tags":[75,67,50],"class_list":["post-3085","post","type-post","status-publish","format-standard","has-post-thumbnail","hentry","category-sen-categoria","tag-coronavirus","tag-estatisticas","tag-vilalba"],"_links":{"self":[{"href":"https:\/\/blogs.amarinha.gal\/ribadeando\/wp-json\/wp\/v2\/posts\/3085","targetHints":{"allow":["GET"]}}],"collection":[{"href":"https:\/\/blogs.amarinha.gal\/ribadeando\/wp-json\/wp\/v2\/posts"}],"about":[{"href":"https:\/\/blogs.amarinha.gal\/ribadeando\/wp-json\/wp\/v2\/types\/post"}],"author":[{"embeddable":true,"href":"https:\/\/blogs.amarinha.gal\/ribadeando\/wp-json\/wp\/v2\/users\/3"}],"replies":[{"embeddable":true,"href":"https:\/\/blogs.amarinha.gal\/ribadeando\/wp-json\/wp\/v2\/comments?post=3085"}],"version-history":[{"count":0,"href":"https:\/\/blogs.amarinha.gal\/ribadeando\/wp-json\/wp\/v2\/posts\/3085\/revisions"}],"wp:featuredmedia":[{"embeddable":true,"href":"https:\/\/blogs.amarinha.gal\/ribadeando\/wp-json\/wp\/v2\/media\/3086"}],"wp:attachment":[{"href":"https:\/\/blogs.amarinha.gal\/ribadeando\/wp-json\/wp\/v2\/media?parent=3085"}],"wp:term":[{"taxonomy":"category","embeddable":true,"href":"https:\/\/blogs.amarinha.gal\/ribadeando\/wp-json\/wp\/v2\/categories?post=3085"},{"taxonomy":"post_tag","embeddable":true,"href":"https:\/\/blogs.amarinha.gal\/ribadeando\/wp-json\/wp\/v2\/tags?post=3085"}],"curies":[{"name":"wp","href":"https:\/\/api.w.org\/{rel}","templated":true}]}}