{"id":3044,"date":"2022-03-25T13:36:00","date_gmt":"2022-03-25T12:36:00","guid":{"rendered":""},"modified":"2024-10-24T16:01:00","modified_gmt":"2024-10-24T14:01:00","slug":"coronavirus-en-vilalba-venres-20220325","status":"publish","type":"post","link":"https:\/\/blogs.amarinha.gal\/ribadeando\/2022\/03\/25\/coronavirus-en-vilalba-venres-20220325\/","title":{"rendered":"Coronavirus en Vilalba, venres 20220325"},"content":{"rendered":"<p><span>&nbsp;&nbsp;&nbsp; <\/span>Aumento. 238 casos, incidencia de 1690 por cada 100 000 habitantes a 14 d\u00edas.<\/p>\n<p><span>&nbsp;&nbsp; <\/span>Ante<br \/>\n a &#8216;gripalizaci\u00f3n&#8217; decretada do coronavirus a partir de luns, non<br \/>\nillando segundo que casos, a pr\u00f3xima semana farei por \u00faltima vez (ao<br \/>\nmenos, nesta vaga) a presentaci\u00f3n das gr\u00e1ficas e n\u00fameros.<\/p>\n<p><a href=\"https:\/\/blogs.amarinha.gal\/ribadeando\/wp-content\/uploads\/sites\/4\/2022\/03\/Vilalba-1.png\" imageanchor=\"1\" style=\"margin-left: 1em; margin-right: 1em;\"><img loading=\"lazy\" decoding=\"async\" height=\"376\" src=\"https:\/\/blogs.amarinha.gal\/ribadeando\/wp-content\/uploads\/sites\/4\/2022\/03\/Vilalba-1.png\" class=\"wp-image-3045\" width=\"640\" \/><\/a><\/p>\n<p><a href=\"https:\/\/blogs.amarinha.gal\/ribadeando\/search?q=coronavirus+en+Vilalba&amp;max-results=20&amp;by-date=true\" rel=\"nofollow noopener\" target=\"_blank\">Anteriores (e posteriores, se hai)<\/a><br \/>\n&nbsp;<\/p>\n","protected":false},"excerpt":{"rendered":"<p>&nbsp;&nbsp;&nbsp; Aumento. 238 casos, incidencia de 1690 por cada 100 000 habitantes a 14 d\u00edas. &nbsp;&nbsp; Ante a &#8216;gripalizaci\u00f3n&#8217; decretada do coronavirus a partir de luns, non illando segundo que casos, a pr\u00f3xima semana farei por \u00faltima vez (ao menos, nesta vaga) a presentaci\u00f3n das gr\u00e1ficas e n\u00fameros. Anteriores (e posteriores, se hai) &nbsp;<\/p>\n","protected":false},"author":3,"featured_media":3045,"comment_status":"open","ping_status":"closed","sticky":false,"template":"","format":"standard","meta":{"activitypub_content_warning":"","activitypub_content_visibility":"","activitypub_max_image_attachments":3,"activitypub_interaction_policy_quote":"anyone","activitypub_status":"federated","footnotes":""},"categories":[1],"tags":[75,67,50],"class_list":["post-3044","post","type-post","status-publish","format-standard","has-post-thumbnail","hentry","category-sen-categoria","tag-coronavirus","tag-estatisticas","tag-vilalba"],"_links":{"self":[{"href":"https:\/\/blogs.amarinha.gal\/ribadeando\/wp-json\/wp\/v2\/posts\/3044","targetHints":{"allow":["GET"]}}],"collection":[{"href":"https:\/\/blogs.amarinha.gal\/ribadeando\/wp-json\/wp\/v2\/posts"}],"about":[{"href":"https:\/\/blogs.amarinha.gal\/ribadeando\/wp-json\/wp\/v2\/types\/post"}],"author":[{"embeddable":true,"href":"https:\/\/blogs.amarinha.gal\/ribadeando\/wp-json\/wp\/v2\/users\/3"}],"replies":[{"embeddable":true,"href":"https:\/\/blogs.amarinha.gal\/ribadeando\/wp-json\/wp\/v2\/comments?post=3044"}],"version-history":[{"count":0,"href":"https:\/\/blogs.amarinha.gal\/ribadeando\/wp-json\/wp\/v2\/posts\/3044\/revisions"}],"wp:featuredmedia":[{"embeddable":true,"href":"https:\/\/blogs.amarinha.gal\/ribadeando\/wp-json\/wp\/v2\/media\/3045"}],"wp:attachment":[{"href":"https:\/\/blogs.amarinha.gal\/ribadeando\/wp-json\/wp\/v2\/media?parent=3044"}],"wp:term":[{"taxonomy":"category","embeddable":true,"href":"https:\/\/blogs.amarinha.gal\/ribadeando\/wp-json\/wp\/v2\/categories?post=3044"},{"taxonomy":"post_tag","embeddable":true,"href":"https:\/\/blogs.amarinha.gal\/ribadeando\/wp-json\/wp\/v2\/tags?post=3044"}],"curies":[{"name":"wp","href":"https:\/\/api.w.org\/{rel}","templated":true}]}}