{"id":28473,"date":"2026-09-04T12:55:50","date_gmt":"2026-09-04T10:55:50","guid":{"rendered":"https:\/\/blogs.amarinha.gal\/ribadeando\/?p=28473"},"modified":"2026-09-04T12:55:54","modified_gmt":"2026-09-04T10:55:54","slug":"pensa-no-futuro-pensa-nas-pensions","status":"publish","type":"post","link":"https:\/\/blogs.amarinha.gal\/ribadeando\/2026\/09\/04\/pensa-no-futuro-pensa-nas-pensions\/","title":{"rendered":"Pensa no futuro, pensa nas pensi\u00f3ns"},"content":{"rendered":"\n<figure class=\"wp-block-image size-full\"><img loading=\"lazy\" decoding=\"async\" width=\"690\" height=\"948\" src=\"https:\/\/blogs.amarinha.gal\/ribadeando\/wp-content\/uploads\/sites\/4\/2026\/09\/pensions-20260905.jpg\" alt=\"\" class=\"wp-image-28474\" srcset=\"https:\/\/blogs.amarinha.gal\/ribadeando\/wp-content\/uploads\/sites\/4\/2026\/09\/pensions-20260905.jpg 690w, https:\/\/blogs.amarinha.gal\/ribadeando\/wp-content\/uploads\/sites\/4\/2026\/09\/pensions-20260905-218x300.jpg 218w\" sizes=\"auto, (max-width: 690px) 100vw, 690px\" \/><\/figure>\n\n\n\n<p class=\"wp-block-paragraph\">Xa est\u00e1 aqu\u00ed a concentraci\u00f3n dos primeiros s\u00e1bados de mes en Ribadeo, defendendo as <a href=\"https:\/\/blogs.amarinha.gal\/ribadeando\/tag\/pensions\/\">pensi\u00f3ns<\/a>. As actuais e as futuras. Fronte a quen quere facerse co control da pensi\u00f3n privatiz\u00e1ndoa, pola a xustiza social e a verdade do mantemento das pensi\u00f3ns. Verdade que ven sendo desafiada con mentiras por quen se quere facer co pastel econ\u00f3mico para que lle rente a el, non \u00f3s pensionistas.<\/p>\n\n\n\n<p class=\"wp-block-paragraph\">Pensionista ou non, muller ou home, mari\u00f1\u00e1n, do occidente astur ou de calquera outra parte, o s\u00e1bado 5 de setembro de 2026 cit\u00e1moste \u00e1 concentraci\u00f3n. Como debera ser sempre, ti decides.<\/p>\n","protected":false},"excerpt":{"rendered":"<p>Xa est\u00e1 aqu\u00ed a concentraci\u00f3n dos primeiros s\u00e1bados de mes en Ribadeo, defendendo as pensi\u00f3ns. As actuais e as futuras. Fronte a quen quere facerse co control da pensi\u00f3n privatiz\u00e1ndoa, pola a xustiza social e a verdade do mantemento das pensi\u00f3ns. Verdade que ven sendo desafiada con mentiras por quen se quere facer co pastel [&hellip;]<\/p>\n","protected":false},"author":3,"featured_media":0,"comment_status":"open","ping_status":"open","sticky":false,"template":"","format":"standard","meta":{"activitypub_content_warning":"","activitypub_content_visibility":"","activitypub_max_image_attachments":3,"activitypub_interaction_policy_quote":"anyone","activitypub_status":"federated","footnotes":""},"categories":[185],"tags":[22],"class_list":["post-28473","post","type-post","status-publish","format-standard","hentry","category-pensions","tag-pensions"],"_links":{"self":[{"href":"https:\/\/blogs.amarinha.gal\/ribadeando\/wp-json\/wp\/v2\/posts\/28473","targetHints":{"allow":["GET"]}}],"collection":[{"href":"https:\/\/blogs.amarinha.gal\/ribadeando\/wp-json\/wp\/v2\/posts"}],"about":[{"href":"https:\/\/blogs.amarinha.gal\/ribadeando\/wp-json\/wp\/v2\/types\/post"}],"author":[{"embeddable":true,"href":"https:\/\/blogs.amarinha.gal\/ribadeando\/wp-json\/wp\/v2\/users\/3"}],"replies":[{"embeddable":true,"href":"https:\/\/blogs.amarinha.gal\/ribadeando\/wp-json\/wp\/v2\/comments?post=28473"}],"version-history":[{"count":1,"href":"https:\/\/blogs.amarinha.gal\/ribadeando\/wp-json\/wp\/v2\/posts\/28473\/revisions"}],"predecessor-version":[{"id":28475,"href":"https:\/\/blogs.amarinha.gal\/ribadeando\/wp-json\/wp\/v2\/posts\/28473\/revisions\/28475"}],"wp:attachment":[{"href":"https:\/\/blogs.amarinha.gal\/ribadeando\/wp-json\/wp\/v2\/media?parent=28473"}],"wp:term":[{"taxonomy":"category","embeddable":true,"href":"https:\/\/blogs.amarinha.gal\/ribadeando\/wp-json\/wp\/v2\/categories?post=28473"},{"taxonomy":"post_tag","embeddable":true,"href":"https:\/\/blogs.amarinha.gal\/ribadeando\/wp-json\/wp\/v2\/tags?post=28473"}],"curies":[{"name":"wp","href":"https:\/\/api.w.org\/{rel}","templated":true}]}}