{"id":28465,"date":"2026-09-03T17:21:54","date_gmt":"2026-09-03T15:21:54","guid":{"rendered":"https:\/\/blogs.amarinha.gal\/ribadeando\/?p=28465"},"modified":"2026-09-03T17:21:58","modified_gmt":"2026-09-03T15:21:58","slug":"un-domingo-para-a-paz","status":"publish","type":"post","link":"https:\/\/blogs.amarinha.gal\/ribadeando\/2026\/09\/03\/un-domingo-para-a-paz\/","title":{"rendered":"Un domingo para a paz"},"content":{"rendered":"\n<figure class=\"wp-block-image size-full\"><img loading=\"lazy\" decoding=\"async\" width=\"690\" height=\"930\" src=\"https:\/\/blogs.amarinha.gal\/ribadeando\/wp-content\/uploads\/sites\/4\/2026\/09\/paz-06092026.jpeg\" alt=\"\" class=\"wp-image-28466\" srcset=\"https:\/\/blogs.amarinha.gal\/ribadeando\/wp-content\/uploads\/sites\/4\/2026\/09\/paz-06092026.jpeg 690w, https:\/\/blogs.amarinha.gal\/ribadeando\/wp-content\/uploads\/sites\/4\/2026\/09\/paz-06092026-223x300.jpeg 223w\" sizes=\"auto, (max-width: 690px) 100vw, 690px\" \/><\/figure>\n\n\n\n<p class=\"wp-block-paragraph\">Da a impresi\u00f3n de que a guerra ach\u00e9gase. Xa m\u00e1is al\u00f3 dos desexos de <a href=\"https:\/\/blogs.amarinha.gal\/ribadeando\/tag\/paz\/\">paz<\/a> e o tentar constru\u00edr a paz, en xeral para toda a humanidade, a nosa zona \u00e9 cada vez m\u00e1is un territorio alterado por aires de guerra. Sexa uns drons en Leipzig hai un tempo, a sabotaxe \u00f3 Nord Stream hai m\u00e1is, ou o botar sobre da fronteira africana de Espa\u00f1a xentes desesperadas a\u00ednda agora, Europa est\u00e1 a verse superada literalmente nas s\u00faas pol\u00edticas, nas s\u00faas ideas, no seu d\u00eda a d\u00eda, por quen quere guerra. Por quen quere guerrerar, o que leva a, de m\u00faltiples xeitos, querer a guerra.<\/p>\n","protected":false},"excerpt":{"rendered":"<p>Da a impresi\u00f3n de que a guerra ach\u00e9gase. Xa m\u00e1is al\u00f3 dos desexos de paz e o tentar constru\u00edr a paz, en xeral para toda a humanidade, a nosa zona \u00e9 cada vez m\u00e1is un territorio alterado por aires de guerra. Sexa uns drons en Leipzig hai un tempo, a sabotaxe \u00f3 Nord Stream hai [&hellip;]<\/p>\n","protected":false},"author":3,"featured_media":0,"comment_status":"open","ping_status":"open","sticky":false,"template":"","format":"standard","meta":{"activitypub_content_warning":"","activitypub_content_visibility":"","activitypub_max_image_attachments":3,"activitypub_interaction_policy_quote":"anyone","activitypub_status":"federated","footnotes":""},"categories":[177],"tags":[17],"class_list":["post-28465","post","type-post","status-publish","format-standard","hentry","category-paz","tag-paz"],"_links":{"self":[{"href":"https:\/\/blogs.amarinha.gal\/ribadeando\/wp-json\/wp\/v2\/posts\/28465","targetHints":{"allow":["GET"]}}],"collection":[{"href":"https:\/\/blogs.amarinha.gal\/ribadeando\/wp-json\/wp\/v2\/posts"}],"about":[{"href":"https:\/\/blogs.amarinha.gal\/ribadeando\/wp-json\/wp\/v2\/types\/post"}],"author":[{"embeddable":true,"href":"https:\/\/blogs.amarinha.gal\/ribadeando\/wp-json\/wp\/v2\/users\/3"}],"replies":[{"embeddable":true,"href":"https:\/\/blogs.amarinha.gal\/ribadeando\/wp-json\/wp\/v2\/comments?post=28465"}],"version-history":[{"count":1,"href":"https:\/\/blogs.amarinha.gal\/ribadeando\/wp-json\/wp\/v2\/posts\/28465\/revisions"}],"predecessor-version":[{"id":28467,"href":"https:\/\/blogs.amarinha.gal\/ribadeando\/wp-json\/wp\/v2\/posts\/28465\/revisions\/28467"}],"wp:attachment":[{"href":"https:\/\/blogs.amarinha.gal\/ribadeando\/wp-json\/wp\/v2\/media?parent=28465"}],"wp:term":[{"taxonomy":"category","embeddable":true,"href":"https:\/\/blogs.amarinha.gal\/ribadeando\/wp-json\/wp\/v2\/categories?post=28465"},{"taxonomy":"post_tag","embeddable":true,"href":"https:\/\/blogs.amarinha.gal\/ribadeando\/wp-json\/wp\/v2\/tags?post=28465"}],"curies":[{"name":"wp","href":"https:\/\/api.w.org\/{rel}","templated":true}]}}