{"id":28455,"date":"2026-09-02T15:09:29","date_gmt":"2026-09-02T13:09:29","guid":{"rendered":"https:\/\/blogs.amarinha.gal\/ribadeando\/?p=28455"},"modified":"2026-09-02T15:11:45","modified_gmt":"2026-09-02T13:11:45","slug":"unha-eclipse-unha-gozada","status":"publish","type":"post","link":"https:\/\/blogs.amarinha.gal\/ribadeando\/2026\/09\/02\/unha-eclipse-unha-gozada\/","title":{"rendered":"Unha eclipse. Unha gozada."},"content":{"rendered":"\n<figure class=\"wp-block-image size-full\"><img loading=\"lazy\" decoding=\"async\" width=\"402\" height=\"417\" src=\"https:\/\/blogs.amarinha.gal\/ribadeando\/wp-content\/uploads\/sites\/4\/2026\/09\/eclipse.jpg\" alt=\"\" class=\"wp-image-28456\" srcset=\"https:\/\/blogs.amarinha.gal\/ribadeando\/wp-content\/uploads\/sites\/4\/2026\/09\/eclipse.jpg 402w, https:\/\/blogs.amarinha.gal\/ribadeando\/wp-content\/uploads\/sites\/4\/2026\/09\/eclipse-289x300.jpg 289w\" sizes=\"auto, (max-width: 402px) 100vw, 402px\" \/><\/figure>\n\n\n\n<p class=\"has-text-align-center wp-block-paragraph\">Unha eclipse. Unha gozada.<\/p>\n\n\n\n<p class=\"wp-block-paragraph\">Pasou. Eclipsou a masacre de palestinos, o que lle veu moi ben a algu\u00e9n. Por suposto, tam\u00e9n eclipsou \u00e1 guerra na Ucra\u00edna, da que os diversos intereses occidentais enfrontados entre si fan que vaiamos cambiando de parecer, mesmo esquecendo. Esquecemos tam\u00e9n por desaparici\u00f3n de novas nese tempo a \u00faltima corruptela do entorno de Ayuso (no repaso, vexo que \u00e9 o \u00fanico nome propio no artigo), e ate as migraci\u00f3ns \u2018ilegais\u2019 (si, entre comi\u00f1as, pois ningu\u00e9n discute a ilegalidade, pero p\u00f3denselle po\u00f1er moitas aclaraci\u00f3ns a nivel internacional ou estatal) na fronteira sur. Por suposto, tam\u00e9n quedou eclipsada eses d\u00edas a chamada crise da vivenda (como se fose unha situaci\u00f3n extraordinaria e non propiciada social e legalmente), sen soluci\u00f3n \u00e1 vista nin por parte do goberno nin menos a\u00ednda pola oposici\u00f3n. Esas foron algunhas das eclipses destes d\u00edas.<\/p>\n\n\n\n<p class=\"wp-block-paragraph\">Pasou. Pero o aumento de prezos que causou xa se trasladou. Tanto \u00e1 inflaci\u00f3n como \u00f3 aloxamento para a seguinte eclipse total en Espa\u00f1a (desta volta, o pr\u00f3ximo ano s\u00f3 rozando o sur da pen\u00ednsula). A seguinte eclipse? Xa os medios est\u00e1n a comezar a facelo eclipsar os incendios. Ou era a tender unha cortina de fume?<\/p>\n\n\n\n<p class=\"wp-block-paragraph\">Pasaron festas preparadas co gallo da eclipse, pero con outros fins, dende as esot\u00e9ricas (algunha) as econ\u00f3micas (m\u00e1is), estando as primeiras \u00f3 fin m\u00e1is dirixidas \u00f3 interese da xente participante e as segundas \u00f3 interese de lucro. Atr\u00e1s quedaron algunhas, celebradas ou non entre as nubes da Cornixa Cant\u00e1brica, como a das Catedrais, pretendida multitudinaria \u00f3 p\u00e9 dun lugar protexido. Por certo, non hai unha contradici\u00f3n a\u00ed? Ou na illa Pancha, pretendida selecta -para iso hab\u00eda que pagar- nun lugar tam\u00e9n protexido.<\/p>\n\n\n\n<p class=\"wp-block-paragraph\">O caso \u00e9 que \u2018foi unha experiencia\u2019, esquecendo que todo o podemos experimentar, e polo tanto, ser unha experiencia para n\u00f3s. Un \u2018evento \u00fanico na vida\u2019, cando na vida todo o que pasa \u00e9 \u00fanico, e quen queira, ten unha eclipse o pr\u00f3ximo ano a unhas horas de coche. Iso si, se queres aloxamento, prepara pasta.<\/p>\n\n\n\n<p class=\"wp-block-paragraph\">Consumimos a eclipse: non nola podiamos perder. Desfrutamos -as\u00ed o dixemos todos os que o vimos- dun momento especial, coa coroa solar ou as perlas de Baily como actuaci\u00f3ns estelares, \u00a1Nunca mellor dito! E mesmo houbo quen tomou fotos nas que as manchas destacan a modo de pencas sobre a cara semioculta do astro rei. Mesmo se queres seguir consumindo, mill\u00f3ns de fotos en internet est\u00e1n \u00e1 t\u00faa espera. Eclipse consumido, deglutido, dixerido &#8230; e excretado. Que \u00e9 o seguinte a consumir?<\/p>\n\n\n\n<p class=\"wp-block-paragraph\">Unha nota final: desfrutei da eclipse do mellor xeito posible, en boa compa\u00f1\u00eda e entr\u00e1ndome do suceso non s\u00f3 polos ollos, sen\u00f3n tam\u00e9n polo entendemento e comprensi\u00f3n do que co\u00f1ec\u00eda hai tempo. Unha gozada.<\/p>\n","protected":false},"excerpt":{"rendered":"<p>Unha eclipse. Unha gozada. Pasou. Eclipsou a masacre de palestinos, o que lle veu moi ben a algu\u00e9n. Por suposto, tam\u00e9n eclipsou \u00e1 guerra na Ucra\u00edna, da que os diversos intereses occidentais enfrontados entre si fan que vaiamos cambiando de parecer, mesmo esquecendo. Esquecemos tam\u00e9n por desaparici\u00f3n de novas nese tempo a \u00faltima corruptela do [&hellip;]<\/p>\n","protected":false},"author":3,"featured_media":0,"comment_status":"open","ping_status":"open","sticky":false,"template":"","format":"standard","meta":{"activitypub_content_warning":"","activitypub_content_visibility":"","activitypub_max_image_attachments":3,"activitypub_interaction_policy_quote":"anyone","activitypub_status":"federated","footnotes":""},"categories":[226,206],"tags":[47,30],"class_list":["post-28455","post","type-post","status-publish","format-standard","hentry","category-astronomia","category-ciencia","tag-astronomia","tag-ciencia"],"_links":{"self":[{"href":"https:\/\/blogs.amarinha.gal\/ribadeando\/wp-json\/wp\/v2\/posts\/28455","targetHints":{"allow":["GET"]}}],"collection":[{"href":"https:\/\/blogs.amarinha.gal\/ribadeando\/wp-json\/wp\/v2\/posts"}],"about":[{"href":"https:\/\/blogs.amarinha.gal\/ribadeando\/wp-json\/wp\/v2\/types\/post"}],"author":[{"embeddable":true,"href":"https:\/\/blogs.amarinha.gal\/ribadeando\/wp-json\/wp\/v2\/users\/3"}],"replies":[{"embeddable":true,"href":"https:\/\/blogs.amarinha.gal\/ribadeando\/wp-json\/wp\/v2\/comments?post=28455"}],"version-history":[{"count":1,"href":"https:\/\/blogs.amarinha.gal\/ribadeando\/wp-json\/wp\/v2\/posts\/28455\/revisions"}],"predecessor-version":[{"id":28457,"href":"https:\/\/blogs.amarinha.gal\/ribadeando\/wp-json\/wp\/v2\/posts\/28455\/revisions\/28457"}],"wp:attachment":[{"href":"https:\/\/blogs.amarinha.gal\/ribadeando\/wp-json\/wp\/v2\/media?parent=28455"}],"wp:term":[{"taxonomy":"category","embeddable":true,"href":"https:\/\/blogs.amarinha.gal\/ribadeando\/wp-json\/wp\/v2\/categories?post=28455"},{"taxonomy":"post_tag","embeddable":true,"href":"https:\/\/blogs.amarinha.gal\/ribadeando\/wp-json\/wp\/v2\/tags?post=28455"}],"curies":[{"name":"wp","href":"https:\/\/api.w.org\/{rel}","templated":true}]}}