{"id":28440,"date":"2026-09-06T11:34:29","date_gmt":"2026-09-06T09:34:29","guid":{"rendered":"https:\/\/blogs.amarinha.gal\/ribadeando\/?p=28440"},"modified":"2026-09-06T11:34:32","modified_gmt":"2026-09-06T09:34:32","slug":"o-r-c-d-c-marchou-da-p-pontevedra-xose-carlos-rodriguez-ranon","status":"publish","type":"post","link":"https:\/\/blogs.amarinha.gal\/ribadeando\/2026\/09\/06\/o-r-c-d-c-marchou-da-p-pontevedra-xose-carlos-rodriguez-ranon\/","title":{"rendered":"O R.C.D.C. MARCHOU DA P. PONTEVEDRA. Xos\u00e9 Carlos Rodr\u00edguez Ra\u00f1\u00f3n"},"content":{"rendered":"\n<p class=\"has-text-align-center wp-block-paragraph\"><strong>O R.C.D.C. MARCHOU DA P. PONTEVEDRA<\/strong><\/p>\n\n\n\n<p class=\"has-text-align-center wp-block-paragraph\"><strong><a href=\"https:\/\/blogs.amarinha.gal\/ribadeando\/tag\/xose-carlos-rodriguez-ranon\/\">Xos\u00e9 Carlos Rodr\u00edguez <\/a>Ra\u00f1\u00f3n<\/strong><\/p>\n\n\n\n<figure class=\"wp-block-image size-full\"><img loading=\"lazy\" decoding=\"async\" width=\"690\" height=\"631\" src=\"https:\/\/blogs.amarinha.gal\/ribadeando\/wp-content\/uploads\/sites\/4\/2026\/08\/Burro-deportivista.jpg\" alt=\"\" class=\"wp-image-28441\" srcset=\"https:\/\/blogs.amarinha.gal\/ribadeando\/wp-content\/uploads\/sites\/4\/2026\/08\/Burro-deportivista.jpg 690w, https:\/\/blogs.amarinha.gal\/ribadeando\/wp-content\/uploads\/sites\/4\/2026\/08\/Burro-deportivista-300x274.jpg 300w\" sizes=\"auto, (max-width: 690px) 100vw, 690px\" \/><\/figure>\n\n\n\n<p class=\"wp-block-paragraph\">Creo que esta \u00e9 a segunda vez que escribo sobre deportes despois de m\u00e1is de d\u00faas d\u00e9cadas colaborando en La Comarca del Eo e na edici\u00f3n para A Mari\u00f1a de El Progreso. A primeira fora precisamente coa que inaugurei a mi\u00f1a andaina no devandito suplemento comarcal. Lembro que trataba sobre a chegada ao Real Madrid de CR7, a\u00ednda que centr\u00e1ndome m\u00e1is na est\u00e9tica persoal de Cristiano Ronaldo que na do seu xogo.<\/p>\n\n\n\n<p class=\"wp-block-paragraph\">Unha \u00fanica vez entrei nun estadio e foi de rapaz no de Ribadeo para ver xogar o Deportivo no trofeo Emma Cuervo. Non voltei, nin sequera cando o S\u00faper Depor estivo a un penalti de ga\u00f1ar a liga en 1994. Ese d\u00eda estaba casualmente na Coru\u00f1a e achegueime aos arredores de Riazor entre os milleiros de seareiros que non puideran entrar ao campo. Mesmo hab\u00eda, pintado con raias azuis, un burro branco. O pobre semellaba unha cebra deportivista. Este ano c\u00famprense 120 da s\u00faa fundaci\u00f3n, os mesmos que houbo que agardar para que se galeguizara o seu nome. \u201c\u00a1Cosas veredes, amigo Sancho!\u201d.<\/p>\n\n\n\n<p class=\"wp-block-paragraph\">Desde a s\u00faa creaci\u00f3n, a entidade deportiva tivo varias s\u00e9s na cidade, primeiro na sala Calvet da r\u00faa Galera e despois a da r\u00faa de Santo Andr\u00e9, a do paseo da Mari\u00f1a e a da r\u00faa de Santa Caterina. Xa na d\u00e9cada de 1960 pasar\u00eda \u00e1 r\u00faa Rubine para, finalmente, establecerse en 1972 na praza de Pontevedra, nun local doado por Pedro Barri\u00e9 de la Maza, lugar que abandoou o pasado ano para se trasladar ao complexo deportivo de Abegondo, na s\u00faa \u00e1rea metropolitana. Na cidade, s\u00f3 fica o estadio, que conta tam\u00e9n cun museo. Al\u00ed \u00e9 a onde queren levar os dous murais de cer\u00e1mica retirados este ano: un co escudo e outro co nome do clube. A s\u00faa autor\u00eda \u00e9 do ceramista, debuxante e pintor Francisco Creo Rodr\u00edguez, natural de Noia mais moi vencellado \u00e1 Coru\u00f1a grazas ao obradoiro que tivo moitos anos na r\u00faa do Rosario da cidade vella at\u00e9 o seu pasamento en 1987, cumpr\u00edndose pois o vindeiro ano corenta, feito que ben merecer\u00eda alg\u00fan tipo de homenaxe.<\/p>\n\n\n\n<p class=\"wp-block-paragraph\"><\/p>\n","protected":false},"excerpt":{"rendered":"<p>O R.C.D.C. MARCHOU DA P. PONTEVEDRA Xos\u00e9 Carlos Rodr\u00edguez Ra\u00f1\u00f3n Creo que esta \u00e9 a segunda vez que escribo sobre deportes despois de m\u00e1is de d\u00faas d\u00e9cadas colaborando en La Comarca del Eo e na edici\u00f3n para A Mari\u00f1a de El Progreso. A primeira fora precisamente coa que inaugurei a mi\u00f1a andaina no devandito suplemento [&hellip;]<\/p>\n","protected":false},"author":3,"featured_media":0,"comment_status":"open","ping_status":"open","sticky":false,"template":"","format":"standard","meta":{"activitypub_content_warning":"","activitypub_content_visibility":"","activitypub_max_image_attachments":3,"activitypub_interaction_policy_quote":"anyone","activitypub_status":"federated","footnotes":""},"categories":[168],"tags":[31],"class_list":["post-28440","post","type-post","status-publish","format-standard","hentry","category-xose-carlos-rodriguez-ranon","tag-xose-carlos-rodriguez-ranon"],"_links":{"self":[{"href":"https:\/\/blogs.amarinha.gal\/ribadeando\/wp-json\/wp\/v2\/posts\/28440","targetHints":{"allow":["GET"]}}],"collection":[{"href":"https:\/\/blogs.amarinha.gal\/ribadeando\/wp-json\/wp\/v2\/posts"}],"about":[{"href":"https:\/\/blogs.amarinha.gal\/ribadeando\/wp-json\/wp\/v2\/types\/post"}],"author":[{"embeddable":true,"href":"https:\/\/blogs.amarinha.gal\/ribadeando\/wp-json\/wp\/v2\/users\/3"}],"replies":[{"embeddable":true,"href":"https:\/\/blogs.amarinha.gal\/ribadeando\/wp-json\/wp\/v2\/comments?post=28440"}],"version-history":[{"count":1,"href":"https:\/\/blogs.amarinha.gal\/ribadeando\/wp-json\/wp\/v2\/posts\/28440\/revisions"}],"predecessor-version":[{"id":28442,"href":"https:\/\/blogs.amarinha.gal\/ribadeando\/wp-json\/wp\/v2\/posts\/28440\/revisions\/28442"}],"wp:attachment":[{"href":"https:\/\/blogs.amarinha.gal\/ribadeando\/wp-json\/wp\/v2\/media?parent=28440"}],"wp:term":[{"taxonomy":"category","embeddable":true,"href":"https:\/\/blogs.amarinha.gal\/ribadeando\/wp-json\/wp\/v2\/categories?post=28440"},{"taxonomy":"post_tag","embeddable":true,"href":"https:\/\/blogs.amarinha.gal\/ribadeando\/wp-json\/wp\/v2\/tags?post=28440"}],"curies":[{"name":"wp","href":"https:\/\/api.w.org\/{rel}","templated":true}]}}