{"id":28427,"date":"2026-08-30T16:00:39","date_gmt":"2026-08-30T14:00:39","guid":{"rendered":"https:\/\/blogs.amarinha.gal\/ribadeando\/?p=28427"},"modified":"2026-08-30T16:00:44","modified_gmt":"2026-08-30T14:00:44","slug":"na-tua-tenda-na-tua-lingua","status":"publish","type":"post","link":"https:\/\/blogs.amarinha.gal\/ribadeando\/2026\/08\/30\/na-tua-tenda-na-tua-lingua\/","title":{"rendered":"Na t\u00faa tenda, na t\u00faa lingua"},"content":{"rendered":"\n<p class=\"wp-block-paragraph\">Na t\u00faa tenda, na t\u00faa lingua<\/p>\n\n\n\n<p class=\"wp-block-paragraph\">Na t\u00faa tenda, na t\u00faa terra, na t\u00faa lingua. Doado, verdade? Se ti vas a unha tenda, na t\u00faa terra, o l\u00f3xico \u00e9 que te atendan na t\u00faa lingua\u2026<\/p>\n\n\n\n<p class=\"wp-block-paragraph\">O certo \u00e9 que o t\u00edtulo s\u00f3ame moi ben, a lema de anuncio. E que vai en li\u00f1a co que penso en relaci\u00f3n \u00e1 mi\u00f1a lingua. Mais\u2026<\/p>\n\n\n\n<p class=\"wp-block-paragraph\">Mais as cousas son m\u00e1is complicadas. Debe ser por iso que hai tendas como Decathlon, multinacional de matriz francesa, que nas s\u00faas tendas en Galicia permite nas m\u00e1quinas de cobro autom\u00e1tico o castel\u00e1n (baixo a ep\u00edgrafe de \u2018espa\u00f1ol\u2019), franc\u00e9s e ingl\u00e9s, pero non o galego. Ou bancos como o Santander que na s\u00faa web admite presentar as p\u00e1xinas en castel\u00e1n (de novo, \u2018espa\u00f1ol\u2019), ingl\u00e9s e catal\u00e1n, pero non en galego. Ou webs como a de Eroski, que te\u00f1en a opci\u00f3n de propaganda en \u2018galego\u2019, pero que como te despistes, comezan a enviar ligaz\u00f3ns para p\u00e1xinas supostamente en galego mais realmente en catal\u00e1n (a\u00ednda que \u00e9 posible que iso sexa s\u00f3 un \u2018erro sistem\u00e1tico\u2019.<\/p>\n\n\n\n<p class=\"wp-block-paragraph\">A semana pasada mesmo unha empregada dun \u2018Deca\u2019 da capital galega, \u00f3 ver que eu tentaba manobrar para po\u00f1er a m\u00e1quina correspondente en galego, sen ter esa opci\u00f3n, e poder ver a mi\u00f1a sorpresa, ofreceuse a falarme na nosa lingua, na que seguimos despois de ser interrogado de primeiras en castel\u00e1n. Tam\u00e9n pasa con certa frecuencia que a\u00ednda que a lingua poda elixirse, por defecto a opci\u00f3n \u00e9 castel\u00e1n, tendo que ir a unha p\u00e1xina de opci\u00f3ns ou unha fiestra despregable para poder cambiala, sen poder facelo directamente na p\u00e1xina de inicio. Si, as cousas son m\u00e1is complicadas.<\/p>\n\n\n\n<p class=\"wp-block-paragraph\">Por as mesmas raz\u00f3ns, calquera empregado desco\u00f1ecido na nosa terra comezar\u00e1 a falarte en castel\u00e1n, a\u00ednda que el ou ela fale (e ti tam\u00e9n) en galego. E a tenda \u00e1 que vas de compras non \u00e9 \u2018t\u00faa\u2019: a\u00ednda que sexa \u2018a t\u00faa tenda\u2019, e raro \u00e9 que act\u00fae como t\u00faa cando o capital non \u00e9 \u2018teu\u2019, e fala moitas veces en castel\u00e1n. A\u00ednda sendo \u2018de capital galego\u2019. Xa non digamos se \u00e9 norteamericano, ingl\u00e9s, alem\u00e1n\u2026 mesmo con algunha sorpresa favorable polo medio. Un exempo? Tendo noci\u00f3ns de ingl\u00e9s, a primeira vez que entrei nun \u2018Zara Home\u2019 \u00eda a iso, \u00e1 \u2018secci\u00f3n de cabaleiro\u2019 de Zara, e non \u00e1 s\u00faa \u2018secci\u00f3n de fogar\u2019. Iluso de min, pensaba nunha \u2018empresa de capital galego\u2019!<\/p>\n\n\n\n<p class=\"wp-block-paragraph\">\u00d3 final, mesmo considerando o enunciado ampliado do t\u00edtulo que fago na primeira li\u00f1a, \u2018a t\u00faa terra\u2019 non \u00e9 t\u00faa, nin parece ser \u2018nosa\u2019. E, xa postos: agora, quen defende a primac\u00eda do castel\u00e1n en Galicia, pode comezar a dicir: \u2018hablamos en castellano porque es la lengua de Galicia, de la mayor\u00eda de los gallegos\u2019.<\/p>\n\n\n\n<p class=\"wp-block-paragraph\">Non \u00e9 a primeira vez que deixo unha nota nalg\u00fan buz\u00f3n correspondente de suxerencias, queixas, etc, en relaci\u00f3n \u00e1 lingua. Non ser\u00e1 a \u00faltima. Por certo, sabes o que \u00e9 unha lingua minorizada?<\/p>\n\n\n\n<p class=\"wp-block-paragraph\"><\/p>\n","protected":false},"excerpt":{"rendered":"<p>Na t\u00faa tenda, na t\u00faa lingua Na t\u00faa tenda, na t\u00faa terra, na t\u00faa lingua. Doado, verdade? Se ti vas a unha tenda, na t\u00faa terra, o l\u00f3xico \u00e9 que te atendan na t\u00faa lingua\u2026 O certo \u00e9 que o t\u00edtulo s\u00f3ame moi ben, a lema de anuncio. E que vai en li\u00f1a co que [&hellip;]<\/p>\n","protected":false},"author":3,"featured_media":0,"comment_status":"open","ping_status":"open","sticky":false,"template":"","format":"standard","meta":{"activitypub_content_warning":"","activitypub_content_visibility":"","activitypub_max_image_attachments":3,"activitypub_interaction_policy_quote":"anyone","activitypub_status":"federated","footnotes":""},"categories":[160,166,158],"tags":[10,16,9],"class_list":["post-28427","post","type-post","status-publish","format-standard","hentry","category-cultura","category-lingua","category-sociedade","tag-cultura","tag-lingua","tag-sociedade"],"_links":{"self":[{"href":"https:\/\/blogs.amarinha.gal\/ribadeando\/wp-json\/wp\/v2\/posts\/28427","targetHints":{"allow":["GET"]}}],"collection":[{"href":"https:\/\/blogs.amarinha.gal\/ribadeando\/wp-json\/wp\/v2\/posts"}],"about":[{"href":"https:\/\/blogs.amarinha.gal\/ribadeando\/wp-json\/wp\/v2\/types\/post"}],"author":[{"embeddable":true,"href":"https:\/\/blogs.amarinha.gal\/ribadeando\/wp-json\/wp\/v2\/users\/3"}],"replies":[{"embeddable":true,"href":"https:\/\/blogs.amarinha.gal\/ribadeando\/wp-json\/wp\/v2\/comments?post=28427"}],"version-history":[{"count":1,"href":"https:\/\/blogs.amarinha.gal\/ribadeando\/wp-json\/wp\/v2\/posts\/28427\/revisions"}],"predecessor-version":[{"id":28428,"href":"https:\/\/blogs.amarinha.gal\/ribadeando\/wp-json\/wp\/v2\/posts\/28427\/revisions\/28428"}],"wp:attachment":[{"href":"https:\/\/blogs.amarinha.gal\/ribadeando\/wp-json\/wp\/v2\/media?parent=28427"}],"wp:term":[{"taxonomy":"category","embeddable":true,"href":"https:\/\/blogs.amarinha.gal\/ribadeando\/wp-json\/wp\/v2\/categories?post=28427"},{"taxonomy":"post_tag","embeddable":true,"href":"https:\/\/blogs.amarinha.gal\/ribadeando\/wp-json\/wp\/v2\/tags?post=28427"}],"curies":[{"name":"wp","href":"https:\/\/api.w.org\/{rel}","templated":true}]}}