{"id":2767,"date":"2022-07-12T14:12:00","date_gmt":"2022-07-12T12:12:00","guid":{"rendered":""},"modified":"2024-10-24T13:27:38","modified_gmt":"2024-10-24T11:27:38","slug":"nota-de-prensa-do-concello-dimision-de","status":"publish","type":"post","link":"https:\/\/blogs.amarinha.gal\/ribadeando\/2022\/07\/12\/nota-de-prensa-do-concello-dimision-de\/","title":{"rendered":"Nota de prensa do concello: Dimisi\u00f3n de Mariluz \u00c1lvarez"},"content":{"rendered":"<p><span>&nbsp;&nbsp; &nbsp;<\/span>Acompa\u00f1o a nota de prensa do concello que d\u00e1 conta da dimisi\u00f3n, as\u00ed como ligaz\u00f3n \u00e1s menci\u00f3ns a <a href=\"https:\/\/blogs.amarinha.gal\/ribadeando\/search?q=Mariluz\" rel=\"nofollow noopener\" target=\"_blank\">Mariluz<\/a> no blog e unha nota final.<\/p>\n<p class=\"antetitulo\"><em>MANTIVO UN ENCONTRO CXS COMPA\u00d1EIRXS DO EQUIPO DE GOBERNO<\/em><\/p>\n<h3 class=\"antel\">\n<p><a href=\"https:\/\/blogs.amarinha.gal\/ribadeando\/wp-content\/uploads\/sites\/4\/2022\/07\/dimisiC3B3n20Mariluz.jpg\" imageanchor=\"1\" style=\"margin-left: 1em; margin-right: 1em;\"><img loading=\"lazy\" decoding=\"async\" height=\"334\" src=\"https:\/\/blogs.amarinha.gal\/ribadeando\/wp-content\/uploads\/sites\/4\/2022\/07\/dimisiC3B3n20Mariluz.jpg\" class=\"wp-image-2768\" width=\"405\" \/><\/a><\/p>\n<\/h3>\n<h3 class=\"antel\"><em>Dimisi\u00f3n de Mariluz \u00c1lvarez<\/em><\/h3>\n<p><em><br \/>\n  <span class=\"data\">11\/07\/2022<\/span><br \/>\n  <\/em><\/p>\n<p><em>A concelleira de Igualdade, Ensino e Mocidade,<br \/>\nMariluz \u00c1lvarez Lastra, presentou hoxe a s\u00faa dimisi\u00f3n tras m\u00e1is de 20<br \/>\nanos dedicada \u00e1 pol\u00edtica municipal. <\/em><\/p>\n<\/p>\n<p><em><\/p>\n<p>\t<\/em><\/p>\n<p><em>A edil nacionalista abandona por motivos familiares: &#8220;neste momento<br \/>\nnon podo compatibilizar a mi\u00f1a vida persoal e laboral coa pol\u00edtica. A<br \/>\nmin g\u00fastame estar ao 100% e agora mesmo iso \u00e9 imposible. Ent\u00f3n entend\u00edn<br \/>\nque toca dicir ata aqu\u00ed cheguei&#8221;. <\/em><\/p>\n<p><em>\u00c1lvarez Lastra tivo palabras de<br \/>\n agradecemento &#8220;para todo o persoal das Concellar\u00edas de Igualdade,<br \/>\nEnsino e Mocidade polo esforzo que estiveron realizando desde o pasado<br \/>\nmes de marzo para que todo o traballo que programamos sa\u00edse adiante&#8221;.&nbsp; <\/em><\/p>\n<p><em>Da<br \/>\n renuncia de Mariluz \u00c1lvarez Lastra darase conta no pleno ordinario da<br \/>\nCorporaci\u00f3n Municipal de Ribadeo previsto para este xoves, 14 de xullo. <\/em><\/p>\n<p><em>A<br \/>\n concelleira ribadense mantivo esta tarde unha xuntanza coas s\u00faas<br \/>\ncompa\u00f1eiras e compa\u00f1eiros de goberno municipal na Praza 8 de marzo. <\/em><\/p>\n<p>Nota final:&nbsp; Non podo deixar de lembrar que foi a que propiciou que o meu &#8216;<a href=\"https:\/\/gl.wikisource.org\/wiki\/Ribadeando\" rel=\"nofollow noopener\" target=\"_blank\">Ribadeando<\/a>&#8216; fose presentado no sal\u00f3n de plenos do concello.<\/p>\n","protected":false},"excerpt":{"rendered":"<p>&nbsp;&nbsp; &nbsp;Acompa\u00f1o a nota de prensa do concello que d\u00e1 conta da dimisi\u00f3n, as\u00ed como ligaz\u00f3n \u00e1s menci\u00f3ns a Mariluz no blog e unha nota final. MANTIVO UN ENCONTRO CXS COMPA\u00d1EIRXS DO EQUIPO DE GOBERNO Dimisi\u00f3n de Mariluz \u00c1lvarez 11\/07\/2022 A concelleira de Igualdade, Ensino e Mocidade, Mariluz \u00c1lvarez Lastra, presentou hoxe a s\u00faa dimisi\u00f3n [&hellip;]<\/p>\n","protected":false},"author":3,"featured_media":2768,"comment_status":"open","ping_status":"closed","sticky":false,"template":"","format":"standard","meta":{"activitypub_content_warning":"","activitypub_content_visibility":"","activitypub_max_image_attachments":3,"activitypub_interaction_policy_quote":"anyone","activitypub_status":"federated","footnotes":""},"categories":[1],"tags":[13,9],"class_list":["post-2767","post","type-post","status-publish","format-standard","has-post-thumbnail","hentry","category-sen-categoria","tag-politica","tag-sociedade"],"_links":{"self":[{"href":"https:\/\/blogs.amarinha.gal\/ribadeando\/wp-json\/wp\/v2\/posts\/2767","targetHints":{"allow":["GET"]}}],"collection":[{"href":"https:\/\/blogs.amarinha.gal\/ribadeando\/wp-json\/wp\/v2\/posts"}],"about":[{"href":"https:\/\/blogs.amarinha.gal\/ribadeando\/wp-json\/wp\/v2\/types\/post"}],"author":[{"embeddable":true,"href":"https:\/\/blogs.amarinha.gal\/ribadeando\/wp-json\/wp\/v2\/users\/3"}],"replies":[{"embeddable":true,"href":"https:\/\/blogs.amarinha.gal\/ribadeando\/wp-json\/wp\/v2\/comments?post=2767"}],"version-history":[{"count":0,"href":"https:\/\/blogs.amarinha.gal\/ribadeando\/wp-json\/wp\/v2\/posts\/2767\/revisions"}],"wp:featuredmedia":[{"embeddable":true,"href":"https:\/\/blogs.amarinha.gal\/ribadeando\/wp-json\/wp\/v2\/media\/2768"}],"wp:attachment":[{"href":"https:\/\/blogs.amarinha.gal\/ribadeando\/wp-json\/wp\/v2\/media?parent=2767"}],"wp:term":[{"taxonomy":"category","embeddable":true,"href":"https:\/\/blogs.amarinha.gal\/ribadeando\/wp-json\/wp\/v2\/categories?post=2767"},{"taxonomy":"post_tag","embeddable":true,"href":"https:\/\/blogs.amarinha.gal\/ribadeando\/wp-json\/wp\/v2\/tags?post=2767"}],"curies":[{"name":"wp","href":"https:\/\/api.w.org\/{rel}","templated":true}]}}