{"id":2744,"date":"2022-07-24T18:30:00","date_gmt":"2022-07-24T16:30:00","guid":{"rendered":""},"modified":"2024-10-24T11:26:13","modified_gmt":"2024-10-24T09:26:13","slug":"e-25-de-xullo-ah","status":"publish","type":"post","link":"https:\/\/blogs.amarinha.gal\/ribadeando\/2022\/07\/24\/e-25-de-xullo-ah\/","title":{"rendered":"\u00c9 25 de xullo? Ah!"},"content":{"rendered":"<p><a href=\"https:\/\/blogs.amarinha.gal\/ribadeando\/wp-content\/uploads\/sites\/4\/2022\/07\/dC3ADa20nacional20de20Galicia.jpg\" imageanchor=\"1\" style=\"margin-left: 1em; margin-right: 1em;\"><img loading=\"lazy\" decoding=\"async\" height=\"423\" src=\"https:\/\/blogs.amarinha.gal\/ribadeando\/wp-content\/uploads\/sites\/4\/2022\/07\/dC3ADa20nacional20de20Galicia.jpg\" class=\"wp-image-2745\" width=\"656\" \/><\/a><\/p>\n<p><strong>\u00c9 25 de xullo? Ah!<br \/>\n<\/strong><\/p>\n<p><span>&nbsp;&nbsp; &nbsp;<\/span>Que hoxe \u00e9 25 de xullo? Vale. E que, \u00e9 festivo, non? Pois iso!<\/p>\n<p><span>&nbsp;&nbsp; &nbsp;<\/span>En certa zona de Galicia \u00e9 abondo com\u00fan \u2018aproveitar\u2019 o 25 de xullo para ir mercar a Asturias. Si, eu tam\u00e9n o te\u00f1o feito alg\u00fan ano. E coido que pode dar moito xogo iso de que unha comunidade te\u00f1a actividade comercial mentres a veci\u00f1a non. Moito xogo comercial e tam\u00e9n persoal. A\u00ed est\u00e1 o mercado dos domingos en Ribadeo, atra\u00ednte para unha ampla zona, tam\u00e9n en parte \u00f3 leste da r\u00eda de Ribadeo.<\/p>\n<p><span>&nbsp;&nbsp; &nbsp;<\/span>Pero \u00e9 25 de xullo. O d\u00eda festivo en Galicia no que se celebra San Xacobe (a pesar que segundo o santoral corresponde este a 23 de xu\u00f1o), San Tiago, Sant Iago, Santiago&#8230; o d\u00eda que se celebra como d\u00eda de Galicia, como d\u00eda Nacional de Galiza ou como d\u00eda da Patria Galega. Cada celebraci\u00f3n, coincidindo no tempo cas outras, indica algo diferente. Mesmo se poden celebrar d\u00faas festas nunha; po\u00f1amos, Santiago e o d\u00eda da Patria Galega.<\/p>\n<p><span>&nbsp;&nbsp; &nbsp;<\/span>Coido que est\u00e1 claro que o aglutinador de comezo \u00e9 un santo, normalmente co\u00f1ecido por Santiago, e que, a falta de que Prisciliano fale, ter\u00eda vido ao finis terrae nunha barca de pedra ou semellante. Ese santo pode ter recibido diferente denominaci\u00f3ns, pero \u00e9 aceptado que \u00e9 \u2018igual a si mesmo\u2019 sexa cal sexa a que usemos.<\/p>\n<p><span>&nbsp;&nbsp; &nbsp;<\/span>Outra cousa diferente \u00e9 celebrar o d\u00eda de Galicia ou o d\u00eda da Patria (ent\u00e9ndese que galega), entre outras denominaci\u00f3ns que se lle dan <a href=\"https:\/\/gl.wikipedia.org\/wiki\/D%C3%ADa_Nacional_de_Galicia\" rel=\"nofollow noopener\" target=\"_blank\">\u00f3 25 de xullo e que se poden consultar na Galipedia<\/a>, se non se est\u00e1 posto no tema. A enciclopedia en li\u00f1a descr\u00edbeo como a \u2018festa oficial do pa\u00eds galego\u2019 citando \u00f3 primeiro DOG, que o 1 de xaneiro de 1979 levaba como contido o \u201c<a href=\"https:\/\/www.xunta.gal\/dog\/Publicados\/1979\/19790101\/Anuncio956_gl.html\" rel=\"nofollow noopener\" target=\"_blank\">DECRETO POLO QUE SE DECLARA DIA NACIONAL DE GALICIA O DIA 25 DE XULLO DE CADA ANO.<\/a>\u201d Decreto, por certo, que non est\u00e1 dispo\u00f1ible de xeito directo nas p\u00e1xinas do DOG en li\u00f1a e leva ao menos cinco anos as\u00ed, segundo o recollido da historia de internet por por Internet Archive, e a pesares de que o que fai o decreto \u00e9 tentar recoller de xeito oficial a idea de algo que xa se estaba a celebrar tempo atr\u00e1s. Un decreto sinxelo cun \u00fanico enunciado de declaraci\u00f3n que coincide co t\u00edtulo do artigo. E decreto tam\u00e9n contestado \/ incumprido de xeito interno (\u2018e discreto\u2019) pola Xunta de Galicia, que ten unha p\u00e1xina, <a href=\"http:\/\/www.25dexullo.gal\/gl\/\">http:\/\/www.25dexullo.gal\/gl\/<\/a> na que se le \u201825 DE XULLO D\u00cdA DE GALICIA\u2019. Unha web que parece ter sido creada hai dez anos e abandoada, pero non eliminada, dende hai oito.<\/p>\n<p><span>&nbsp;&nbsp; &nbsp;<\/span>Ou sexa, de d\u00eda \u2018Nacional de Galicia\u2019, que implica unha estrutura determinada baseada nunha \u201cComunidade humana, instalada nun territorio definido, que pode estar ou non politicamente organizada como estado, e que se caracteriza por ter unhas tradici\u00f3ns hist\u00f3ricas e culturais com\u00fans, os mesmos intereses econ\u00f3micos e unha unidade ling\u00fc\u00edstica ou relixiosa\u201d, segundo a RAG e a oficialidade actual, p\u00f3dese pasar \u00e1 noci\u00f3n de d\u00eda \u2018de Galicia\u2019, como adicado a unha entidade chamada Galicia, cunha idea superada xa pola cantiga \u2018Un canto a Galicia\u2019 de algu\u00e9n tan pouco sospeitoso como Julio Iglesias, hai xa cincuenta anos. E o de \u2018Patria Galega\u2019? Pois, de novo segundo a RAG, ser\u00eda o d\u00eda adicado \u00e1 \u2018naci\u00f3n \u00e1 que se pertence ou \u00e1 que se ten o sentimento de pertencer.\u2019<\/p>\n<p><span>&nbsp;&nbsp; &nbsp;<\/span>Poder\u00edamos seguir. Pero coido que o diferente sentido de facer festa por unha cousa ou outra non \u00e9 unha diferenza de pouca importancia, se celebre como se celebre.<\/p>\n<p><span>&nbsp;&nbsp; &nbsp;<\/span>Que pasedes un bo d\u00eda Nacional de Galicia!<\/p>\n","protected":false},"excerpt":{"rendered":"<p>\u00c9 25 de xullo? Ah! &nbsp;&nbsp; &nbsp;Que hoxe \u00e9 25 de xullo? Vale. E que, \u00e9 festivo, non? Pois iso! &nbsp;&nbsp; &nbsp;En certa zona de Galicia \u00e9 abondo com\u00fan \u2018aproveitar\u2019 o 25 de xullo para ir mercar a Asturias. Si, eu tam\u00e9n o te\u00f1o feito alg\u00fan ano. E coido que pode dar moito xogo iso [&hellip;]<\/p>\n","protected":false},"author":3,"featured_media":2745,"comment_status":"open","ping_status":"closed","sticky":false,"template":"","format":"standard","meta":{"activitypub_content_warning":"","activitypub_content_visibility":"","activitypub_max_image_attachments":3,"activitypub_interaction_policy_quote":"anyone","activitypub_status":"federated","footnotes":""},"categories":[1],"tags":[25,11,9],"class_list":["post-2744","post","type-post","status-publish","format-standard","has-post-thumbnail","hentry","category-sen-categoria","tag-festas","tag-historia","tag-sociedade"],"_links":{"self":[{"href":"https:\/\/blogs.amarinha.gal\/ribadeando\/wp-json\/wp\/v2\/posts\/2744","targetHints":{"allow":["GET"]}}],"collection":[{"href":"https:\/\/blogs.amarinha.gal\/ribadeando\/wp-json\/wp\/v2\/posts"}],"about":[{"href":"https:\/\/blogs.amarinha.gal\/ribadeando\/wp-json\/wp\/v2\/types\/post"}],"author":[{"embeddable":true,"href":"https:\/\/blogs.amarinha.gal\/ribadeando\/wp-json\/wp\/v2\/users\/3"}],"replies":[{"embeddable":true,"href":"https:\/\/blogs.amarinha.gal\/ribadeando\/wp-json\/wp\/v2\/comments?post=2744"}],"version-history":[{"count":0,"href":"https:\/\/blogs.amarinha.gal\/ribadeando\/wp-json\/wp\/v2\/posts\/2744\/revisions"}],"wp:featuredmedia":[{"embeddable":true,"href":"https:\/\/blogs.amarinha.gal\/ribadeando\/wp-json\/wp\/v2\/media\/2745"}],"wp:attachment":[{"href":"https:\/\/blogs.amarinha.gal\/ribadeando\/wp-json\/wp\/v2\/media?parent=2744"}],"wp:term":[{"taxonomy":"category","embeddable":true,"href":"https:\/\/blogs.amarinha.gal\/ribadeando\/wp-json\/wp\/v2\/categories?post=2744"},{"taxonomy":"post_tag","embeddable":true,"href":"https:\/\/blogs.amarinha.gal\/ribadeando\/wp-json\/wp\/v2\/tags?post=2744"}],"curies":[{"name":"wp","href":"https:\/\/api.w.org\/{rel}","templated":true}]}}