{"id":2742,"date":"2022-07-25T17:38:00","date_gmt":"2022-07-25T15:38:00","guid":{"rendered":""},"modified":"2024-10-24T11:26:10","modified_gmt":"2024-10-24T09:26:10","slug":"bando-da-alcaldia-de-ribadeo-de-25-de","status":"publish","type":"post","link":"https:\/\/blogs.amarinha.gal\/ribadeando\/2022\/07\/25\/bando-da-alcaldia-de-ribadeo-de-25-de\/","title":{"rendered":"Bando da alcald\u00eda de Ribadeo de 25 de xullo de 2022"},"content":{"rendered":"<p><a href=\"https:\/\/blogs.amarinha.gal\/ribadeando\/wp-content\/uploads\/sites\/4\/2022\/07\/2520xullo20Fernando20SuC3A1rez.jpg\" style=\"margin-left: 1em; margin-right: 1em;\"><img loading=\"lazy\" decoding=\"async\" height=\"933\" src=\"https:\/\/blogs.amarinha.gal\/ribadeando\/wp-content\/uploads\/sites\/4\/2022\/07\/2520xullo20Fernando20SuC3A1rez.jpg\" class=\"wp-image-2743\" width=\"660\" \/><\/a><\/p>\n<p>Co gallo do bando, emitiuse unha <a href=\"https:\/\/blogs.amarinha.gal\/ribadeando\/search?q=nota+de+prensa&amp;max-results=20&amp;by-date=true\" rel=\"nofollow noopener\" target=\"_blank\">nota de prensa<\/a>:<\/p>\n<p class=\"antetitulo\"><em>MULLERES E HOMES ORGULLOSOS DE PERTENCER A ESTA TERRA<\/em><\/p>\n<p><em><br \/>\n   <\/em><\/p>\n<h3 class=\"antel\"><em>D\u00eda Nacional de Galiza<\/em><\/h3>\n<p><em><br \/>\n  <span class=\"data\">25\/07\/2022<\/span><br \/>\n  <\/em><\/p>\n<p><em>No Bando con motivo da celebraci\u00f3n do 25 de<br \/>\nxullo, D\u00eda Nacional de Galiza, o alcalde, Fernando Su\u00e1rez, subli\u00f1a que<br \/>\n&#8220;a patria galega form\u00e1mola as mulleres e os homes que, por nacemento ou<br \/>\npor sentimento, temos conciencia e o orgullo de pertencer a un pobo e<br \/>\nunha terra cunha historia e unha cultura do noso&#8221;.<\/em><\/p>\n<\/p>\n<p><em><\/p>\n<p>\t<\/em><\/p>\n<p><em>O rexedor asegura que &#8220;aspiramos a ser un pa\u00eds dono do seu destino,<br \/>\nque nos permita traballar dignamente na nosa terra\u2026 unha comunidade dona<br \/>\n dos seus recursos naturais\u2026 e un pa\u00eds cunha sanidade p\u00fablica forte, un<br \/>\nsistema de pensi\u00f3ns garantido, cunha educaci\u00f3n p\u00fablica dotada de<br \/>\norzamentos axeitados, centrada na nosa sociedade e motor de futuro&#8221;. <\/em><\/p>\n<p><em>No<br \/>\n Bando Su\u00e1rez Barcia lembrou que este d\u00eda ven &#8220;presidido pola<br \/>\npreocupaci\u00f3n cidad\u00e1 por moitas situaci\u00f3ns que nos desacougan como<br \/>\nsociedade, como a situaci\u00f3n sanitaria, social, econ\u00f3mica, etc&#8221;. <\/em><\/p>\n<p><em>E<br \/>\n rematou sinalando: &#8220;construamos esa Galiza con orgullo de seu e \u00e1 vez<br \/>\nsolidaria e agarimosa con todos os pobos do mundo, nomeadamente cos<br \/>\noprimidos, unha patria de mulleres e homes libres&#8221;.<\/em><\/p>\n<p><em>&#8212;<\/em><\/p>\n<p>O <a href=\"https:\/\/blogs.amarinha.gal\/ribadeando\/2022\/07\/e-25-de-xullo-ah.html\" rel=\"nofollow noopener\" target=\"_blank\">meu artigo para este 25X<\/a>.<\/p>\n","protected":false},"excerpt":{"rendered":"<p>Co gallo do bando, emitiuse unha nota de prensa: MULLERES E HOMES ORGULLOSOS DE PERTENCER A ESTA TERRA D\u00eda Nacional de Galiza 25\/07\/2022 No Bando con motivo da celebraci\u00f3n do 25 de xullo, D\u00eda Nacional de Galiza, o alcalde, Fernando Su\u00e1rez, subli\u00f1a que &#8220;a patria galega form\u00e1mola as mulleres e os homes que, por nacemento [&hellip;]<\/p>\n","protected":false},"author":3,"featured_media":2743,"comment_status":"open","ping_status":"closed","sticky":false,"template":"","format":"standard","meta":{"activitypub_content_warning":"","activitypub_content_visibility":"","activitypub_max_image_attachments":3,"activitypub_interaction_policy_quote":"anyone","activitypub_status":"federated","footnotes":""},"categories":[1],"tags":[25],"class_list":["post-2742","post","type-post","status-publish","format-standard","has-post-thumbnail","hentry","category-sen-categoria","tag-festas"],"_links":{"self":[{"href":"https:\/\/blogs.amarinha.gal\/ribadeando\/wp-json\/wp\/v2\/posts\/2742","targetHints":{"allow":["GET"]}}],"collection":[{"href":"https:\/\/blogs.amarinha.gal\/ribadeando\/wp-json\/wp\/v2\/posts"}],"about":[{"href":"https:\/\/blogs.amarinha.gal\/ribadeando\/wp-json\/wp\/v2\/types\/post"}],"author":[{"embeddable":true,"href":"https:\/\/blogs.amarinha.gal\/ribadeando\/wp-json\/wp\/v2\/users\/3"}],"replies":[{"embeddable":true,"href":"https:\/\/blogs.amarinha.gal\/ribadeando\/wp-json\/wp\/v2\/comments?post=2742"}],"version-history":[{"count":0,"href":"https:\/\/blogs.amarinha.gal\/ribadeando\/wp-json\/wp\/v2\/posts\/2742\/revisions"}],"wp:featuredmedia":[{"embeddable":true,"href":"https:\/\/blogs.amarinha.gal\/ribadeando\/wp-json\/wp\/v2\/media\/2743"}],"wp:attachment":[{"href":"https:\/\/blogs.amarinha.gal\/ribadeando\/wp-json\/wp\/v2\/media?parent=2742"}],"wp:term":[{"taxonomy":"category","embeddable":true,"href":"https:\/\/blogs.amarinha.gal\/ribadeando\/wp-json\/wp\/v2\/categories?post=2742"},{"taxonomy":"post_tag","embeddable":true,"href":"https:\/\/blogs.amarinha.gal\/ribadeando\/wp-json\/wp\/v2\/tags?post=2742"}],"curies":[{"name":"wp","href":"https:\/\/api.w.org\/{rel}","templated":true}]}}