{"id":27346,"date":"2026-04-30T18:18:26","date_gmt":"2026-04-30T16:18:26","guid":{"rendered":"https:\/\/blogs.amarinha.gal\/ribadeando\/?p=27346"},"modified":"2026-04-30T18:18:29","modified_gmt":"2026-04-30T16:18:29","slug":"hai-pedir-paz-tamen-para-a-sumud","status":"publish","type":"post","link":"https:\/\/blogs.amarinha.gal\/ribadeando\/2026\/04\/30\/hai-pedir-paz-tamen-para-a-sumud\/","title":{"rendered":"Hai  pedir paz tam\u00e9n para a Sumud"},"content":{"rendered":"\n<p>A d\u00eda de hoxe sabemos que as forzas israel\u00eds atacaron a Global Sumud Flotilla am\u00e1is de 1000 km das s\u00faas costas ou das de Gaza, en augas internacionais, \u00f3 estilo do que o est\u00e1 a facer EEUU en augas internacionais perto de Sudam\u00e9rica.<\/p>\n\n\n\n<p><a href=\"https:\/\/blogs.amarinha.gal\/ribadeando\/tag\/paz\/\">Paz<\/a>. \u00c9 o desexo da grande maior\u00eda da humanidade, pero quedan fora abondos xenocidas ou xente que prima os seus intereses particulares por riba da vida doutra xente \u00e1 que tratan mesmo peor que se foran cousas, de Palestina a Sud\u00e1n ou de Ucra\u00edna \u00f3 Sahara, pasando pola terra Rohinga ou por Afghanist\u00e1n.<\/p>\n\n\n\n<figure class=\"wp-block-image size-full\"><img loading=\"lazy\" decoding=\"async\" width=\"690\" height=\"921\" src=\"https:\/\/blogs.amarinha.gal\/ribadeando\/wp-content\/uploads\/sites\/4\/2026\/04\/20260503-paz.jpeg\" alt=\"\" class=\"wp-image-27347\" srcset=\"https:\/\/blogs.amarinha.gal\/ribadeando\/wp-content\/uploads\/sites\/4\/2026\/04\/20260503-paz.jpeg 690w, https:\/\/blogs.amarinha.gal\/ribadeando\/wp-content\/uploads\/sites\/4\/2026\/04\/20260503-paz-225x300.jpeg 225w\" sizes=\"auto, (max-width: 690px) 100vw, 690px\" \/><\/figure>\n","protected":false},"excerpt":{"rendered":"<p>A d\u00eda de hoxe sabemos que as forzas israel\u00eds atacaron a Global Sumud Flotilla am\u00e1is de 1000 km das s\u00faas costas ou das de Gaza, en augas internacionais, \u00f3 estilo do que o est\u00e1 a facer EEUU en augas internacionais perto de Sudam\u00e9rica. Paz. \u00c9 o desexo da grande maior\u00eda da humanidade, pero quedan fora [&hellip;]<\/p>\n","protected":false},"author":3,"featured_media":0,"comment_status":"open","ping_status":"open","sticky":false,"template":"","format":"standard","meta":{"activitypub_content_warning":"","activitypub_content_visibility":"","activitypub_max_image_attachments":3,"activitypub_interaction_policy_quote":"anyone","activitypub_status":"federated","footnotes":""},"categories":[1],"tags":[],"class_list":["post-27346","post","type-post","status-publish","format-standard","hentry","category-sen-categoria"],"_links":{"self":[{"href":"https:\/\/blogs.amarinha.gal\/ribadeando\/wp-json\/wp\/v2\/posts\/27346","targetHints":{"allow":["GET"]}}],"collection":[{"href":"https:\/\/blogs.amarinha.gal\/ribadeando\/wp-json\/wp\/v2\/posts"}],"about":[{"href":"https:\/\/blogs.amarinha.gal\/ribadeando\/wp-json\/wp\/v2\/types\/post"}],"author":[{"embeddable":true,"href":"https:\/\/blogs.amarinha.gal\/ribadeando\/wp-json\/wp\/v2\/users\/3"}],"replies":[{"embeddable":true,"href":"https:\/\/blogs.amarinha.gal\/ribadeando\/wp-json\/wp\/v2\/comments?post=27346"}],"version-history":[{"count":1,"href":"https:\/\/blogs.amarinha.gal\/ribadeando\/wp-json\/wp\/v2\/posts\/27346\/revisions"}],"predecessor-version":[{"id":27348,"href":"https:\/\/blogs.amarinha.gal\/ribadeando\/wp-json\/wp\/v2\/posts\/27346\/revisions\/27348"}],"wp:attachment":[{"href":"https:\/\/blogs.amarinha.gal\/ribadeando\/wp-json\/wp\/v2\/media?parent=27346"}],"wp:term":[{"taxonomy":"category","embeddable":true,"href":"https:\/\/blogs.amarinha.gal\/ribadeando\/wp-json\/wp\/v2\/categories?post=27346"},{"taxonomy":"post_tag","embeddable":true,"href":"https:\/\/blogs.amarinha.gal\/ribadeando\/wp-json\/wp\/v2\/tags?post=27346"}],"curies":[{"name":"wp","href":"https:\/\/api.w.org\/{rel}","templated":true}]}}