{"id":27337,"date":"2026-05-03T09:14:18","date_gmt":"2026-05-03T07:14:18","guid":{"rendered":"https:\/\/blogs.amarinha.gal\/ribadeando\/?p=27337"},"modified":"2026-04-27T09:23:28","modified_gmt":"2026-04-27T07:23:28","slug":"o-pianista-da-man-esquerda-xose-carlos-rodriguez-ranon","status":"publish","type":"post","link":"https:\/\/blogs.amarinha.gal\/ribadeando\/2026\/05\/03\/o-pianista-da-man-esquerda-xose-carlos-rodriguez-ranon\/","title":{"rendered":"O PIANISTA DA MAN ESQUERDA. Xos\u00e9 Carlos Rodr\u00edguez Ra\u00f1\u00f3n"},"content":{"rendered":"\n<p class=\"has-text-align-center\">\u201c<strong>O PIANISTA DA MAN ESQUERDA\u201d<\/strong><\/p>\n\n\n\n<p class=\"has-text-align-center\"><strong><a href=\"https:\/\/blogs.amarinha.gal\/ribadeando\/tag\/xose-carlos-rodriguez-ranon\/\">Xos\u00e9 Carlos Rodr\u00edguez Ra\u00f1\u00f3n<\/a><\/strong><\/p>\n\n\n\n<p>As\u00ed alcuman a Manuel L\u00f3pez (o capit\u00e1n Garfio do piano e tan virtuoso como o invidente Zubiri), amante dese instrumento desde que comezara, en Pozuelo de Alarc\u00f3n, primeiro s\u00f3 a apalpalo timidamente e despois a tocalo teimudamente con catro anos vendo circular as notas polo pentagrama como coches de choque batendo contra as barreiras dos compases segundo relata a xornalista Carolina Sertal en pl\u00e1stica imaxe. Desde ese intre d\u00edxolle \u00e1 s\u00faa nai: \u201cMam\u00e1, quiero ser pianista\u201d (que non artista como cantara Concha Velasco).<\/p>\n\n\n\n<p>Na adolescencia, deu un desafortunado golpe na man dereita o que, co tempo, lle provocar\u00eda encorvadura dos dedos. Tras varias infrutuosas intervenci\u00f3ns cir\u00farxicas e unha fonda depresi\u00f3n, decidiu abandonar a m\u00fasica. Ademais, durante unha desas operaci\u00f3ns, sufriu un ictus que lle deixou pegadas cognitivas e eivado o lado destro.<\/p>\n\n\n\n<p>A\u00ednda as\u00ed, retomou a s\u00faa paix\u00f3n e procurou partituras orixinais zurdas de compositores como Chopin ou Debussy. Ao piano, a melod\u00eda executada coa man esquerda \u00e9 habitualmente un simple acompa\u00f1amento da principal realizada coa dereita. Por iso, e para abranguer un repertorio m\u00e1is amplo, decidiu facer persoalmente adaptaci\u00f3ns de obras de Falla ou Paco de Luc\u00eda. Nestes casos, usa o dedo polgar para marcar os sons que deber\u00eda realizar unha man dereita e ax\u00fadase dos pedais para mellor ligar as notas como amosou nun concerto en Vigo o pasado D\u00eda dos Namorados.<\/p>\n\n\n\n<p>Eu tam\u00e9n comecei de neno co piano de meu pai (de marca italiana e de segunda man, mercado en Ribadeo mais procedente da Alema\u00f1a) e, igual ca el, deixeino axi\u00f1a. Interes\u00e1rono m\u00e1is os pasteis e a min as linguas. El s\u00f3 se lembraba de tocar \u201cFumando espero\u201d e eu de Diabelli algunha das s\u00faas sonatinas.<\/p>\n","protected":false},"excerpt":{"rendered":"<p>\u201cO PIANISTA DA MAN ESQUERDA\u201d Xos\u00e9 Carlos Rodr\u00edguez Ra\u00f1\u00f3n As\u00ed alcuman a Manuel L\u00f3pez (o capit\u00e1n Garfio do piano e tan virtuoso como o invidente Zubiri), amante dese instrumento desde que comezara, en Pozuelo de Alarc\u00f3n, primeiro s\u00f3 a apalpalo timidamente e despois a tocalo teimudamente con catro anos vendo circular as notas polo pentagrama [&hellip;]<\/p>\n","protected":false},"author":3,"featured_media":0,"comment_status":"open","ping_status":"open","sticky":false,"template":"","format":"standard","meta":{"activitypub_content_warning":"","activitypub_content_visibility":"","activitypub_max_image_attachments":3,"activitypub_interaction_policy_quote":"anyone","activitypub_status":"federated","footnotes":""},"categories":[168],"tags":[31],"class_list":["post-27337","post","type-post","status-publish","format-standard","hentry","category-xose-carlos-rodriguez-ranon","tag-xose-carlos-rodriguez-ranon"],"_links":{"self":[{"href":"https:\/\/blogs.amarinha.gal\/ribadeando\/wp-json\/wp\/v2\/posts\/27337","targetHints":{"allow":["GET"]}}],"collection":[{"href":"https:\/\/blogs.amarinha.gal\/ribadeando\/wp-json\/wp\/v2\/posts"}],"about":[{"href":"https:\/\/blogs.amarinha.gal\/ribadeando\/wp-json\/wp\/v2\/types\/post"}],"author":[{"embeddable":true,"href":"https:\/\/blogs.amarinha.gal\/ribadeando\/wp-json\/wp\/v2\/users\/3"}],"replies":[{"embeddable":true,"href":"https:\/\/blogs.amarinha.gal\/ribadeando\/wp-json\/wp\/v2\/comments?post=27337"}],"version-history":[{"count":1,"href":"https:\/\/blogs.amarinha.gal\/ribadeando\/wp-json\/wp\/v2\/posts\/27337\/revisions"}],"predecessor-version":[{"id":27338,"href":"https:\/\/blogs.amarinha.gal\/ribadeando\/wp-json\/wp\/v2\/posts\/27337\/revisions\/27338"}],"wp:attachment":[{"href":"https:\/\/blogs.amarinha.gal\/ribadeando\/wp-json\/wp\/v2\/media?parent=27337"}],"wp:term":[{"taxonomy":"category","embeddable":true,"href":"https:\/\/blogs.amarinha.gal\/ribadeando\/wp-json\/wp\/v2\/categories?post=27337"},{"taxonomy":"post_tag","embeddable":true,"href":"https:\/\/blogs.amarinha.gal\/ribadeando\/wp-json\/wp\/v2\/tags?post=27337"}],"curies":[{"name":"wp","href":"https:\/\/api.w.org\/{rel}","templated":true}]}}