{"id":27105,"date":"2026-03-13T11:14:36","date_gmt":"2026-03-13T10:14:36","guid":{"rendered":"https:\/\/blogs.amarinha.gal\/ribadeando\/?p=27105"},"modified":"2026-03-13T11:14:40","modified_gmt":"2026-03-13T10:14:40","slug":"unha-paz-esquiva","status":"publish","type":"post","link":"https:\/\/blogs.amarinha.gal\/ribadeando\/2026\/03\/13\/unha-paz-esquiva\/","title":{"rendered":"Unha paz esquiva"},"content":{"rendered":"\n<p>Coido que na situaci\u00f3n actual o de &#8216;esquiva&#8217; \u00e9 o m\u00ednimo adxectivo que se lle pode po\u00f1er \u00e1 <a href=\"https:\/\/blogs.amarinha.gal\/ribadeando\/tag\/paz\/\">paz<\/a>&#8230;<\/p>\n\n\n\n<p>De novo este domingo 15 de marzo de 2026, no Cant\u00f3n dos Moreno, en Ribadeo, concentraci\u00f3n<\/p>\n\n\n\n<figure class=\"wp-block-image size-full\"><img loading=\"lazy\" decoding=\"async\" width=\"690\" height=\"921\" src=\"https:\/\/blogs.amarinha.gal\/ribadeando\/wp-content\/uploads\/sites\/4\/2026\/03\/paz-20260315.jpeg\" alt=\"\" class=\"wp-image-27106\" srcset=\"https:\/\/blogs.amarinha.gal\/ribadeando\/wp-content\/uploads\/sites\/4\/2026\/03\/paz-20260315.jpeg 690w, https:\/\/blogs.amarinha.gal\/ribadeando\/wp-content\/uploads\/sites\/4\/2026\/03\/paz-20260315-225x300.jpeg 225w\" sizes=\"auto, (max-width: 690px) 100vw, 690px\" \/><\/figure>\n","protected":false},"excerpt":{"rendered":"<p>Coido que na situaci\u00f3n actual o de &#8216;esquiva&#8217; \u00e9 o m\u00ednimo adxectivo que se lle pode po\u00f1er \u00e1 paz&#8230; De novo este domingo 15 de marzo de 2026, no Cant\u00f3n dos Moreno, en Ribadeo, concentraci\u00f3n<\/p>\n","protected":false},"author":3,"featured_media":0,"comment_status":"open","ping_status":"open","sticky":false,"template":"","format":"standard","meta":{"activitypub_content_warning":"","activitypub_content_visibility":"","activitypub_max_image_attachments":3,"activitypub_interaction_policy_quote":"anyone","activitypub_status":"federated","footnotes":""},"categories":[177],"tags":[17],"class_list":["post-27105","post","type-post","status-publish","format-standard","hentry","category-paz","tag-paz"],"_links":{"self":[{"href":"https:\/\/blogs.amarinha.gal\/ribadeando\/wp-json\/wp\/v2\/posts\/27105","targetHints":{"allow":["GET"]}}],"collection":[{"href":"https:\/\/blogs.amarinha.gal\/ribadeando\/wp-json\/wp\/v2\/posts"}],"about":[{"href":"https:\/\/blogs.amarinha.gal\/ribadeando\/wp-json\/wp\/v2\/types\/post"}],"author":[{"embeddable":true,"href":"https:\/\/blogs.amarinha.gal\/ribadeando\/wp-json\/wp\/v2\/users\/3"}],"replies":[{"embeddable":true,"href":"https:\/\/blogs.amarinha.gal\/ribadeando\/wp-json\/wp\/v2\/comments?post=27105"}],"version-history":[{"count":1,"href":"https:\/\/blogs.amarinha.gal\/ribadeando\/wp-json\/wp\/v2\/posts\/27105\/revisions"}],"predecessor-version":[{"id":27107,"href":"https:\/\/blogs.amarinha.gal\/ribadeando\/wp-json\/wp\/v2\/posts\/27105\/revisions\/27107"}],"wp:attachment":[{"href":"https:\/\/blogs.amarinha.gal\/ribadeando\/wp-json\/wp\/v2\/media?parent=27105"}],"wp:term":[{"taxonomy":"category","embeddable":true,"href":"https:\/\/blogs.amarinha.gal\/ribadeando\/wp-json\/wp\/v2\/categories?post=27105"},{"taxonomy":"post_tag","embeddable":true,"href":"https:\/\/blogs.amarinha.gal\/ribadeando\/wp-json\/wp\/v2\/tags?post=27105"}],"curies":[{"name":"wp","href":"https:\/\/api.w.org\/{rel}","templated":true}]}}