{"id":27078,"date":"2026-03-10T23:10:24","date_gmt":"2026-03-10T22:10:24","guid":{"rendered":"https:\/\/blogs.amarinha.gal\/ribadeando\/?p=27078"},"modified":"2026-03-11T14:42:02","modified_gmt":"2026-03-11T13:42:02","slug":"nota-informativa-da-plataforma-pola-defensa-das-nosas-arbores-6","status":"publish","type":"post","link":"https:\/\/blogs.amarinha.gal\/ribadeando\/2026\/03\/10\/nota-informativa-da-plataforma-pola-defensa-das-nosas-arbores-6\/","title":{"rendered":"NOTA INFORMATIVA DA PLATAFORMA POLA DEFENSA DAS NOSAS \u00c1RBORES"},"content":{"rendered":"\n<figure class=\"wp-block-image size-full\"><img loading=\"lazy\" decoding=\"async\" width=\"690\" height=\"920\" src=\"https:\/\/blogs.amarinha.gal\/ribadeando\/wp-content\/uploads\/sites\/4\/2026\/03\/portelo-aberto-no-parque.jpg\" alt=\"\" class=\"wp-image-27079\" srcset=\"https:\/\/blogs.amarinha.gal\/ribadeando\/wp-content\/uploads\/sites\/4\/2026\/03\/portelo-aberto-no-parque.jpg 690w, https:\/\/blogs.amarinha.gal\/ribadeando\/wp-content\/uploads\/sites\/4\/2026\/03\/portelo-aberto-no-parque-225x300.jpg 225w\" sizes=\"auto, (max-width: 690px) 100vw, 690px\" \/><\/figure>\n\n\n\n<p><strong>NOTA INFORMATIVA DA <a href=\"https:\/\/blogs.amarinha.gal\/ribadeando\/?s=PLATAFORMA+POLA+DEFENSA+DAS+NOSAS+%C3%81RBORES\">PLATAFORMA POLA DEFENSA DAS NOSAS \u00c1RBORES<\/a><\/strong><\/p>\n\n\n\n<p><strong>&nbsp;&nbsp;&nbsp;&nbsp;&nbsp;&nbsp;&nbsp; Seguindo co tema do grupo el\u00e9ctrico no quiosco (parque infantil) temos que dar conta da resposta do Sr. Alcalde que aparece nun medio o s\u00e1bado d\u00eda 7 de marzo e di as\u00ed: <em>\u201cEse problema arranxouse xa hai un ano\u201d, \u201cfoi unha das primeiras cousas que fixemos porque nos alertaron de ese risco e pasamos aviso para que se solucionase de maneira inmediata\u201d<\/em>&nbsp;(as comi\u00f1as &nbsp;aparecen no texto, non son nosas, ou sexa significa que \u00e9 unha resposta literal)<em>&nbsp;.<\/em><\/strong><\/p>\n\n\n\n<p><strong>&nbsp;&nbsp;&nbsp;&nbsp;&nbsp;&nbsp; &nbsp; Como non queremos entrar en pol\u00e9micas o primeiro que fixemos foi comprobar que a porta segu\u00eda aberta o domingo d\u00eda 8 e, deseguido, tomamos a foto da porta aberta con un peri\u00f3dico dese d\u00eda (a data vese mellor ampliando). O documento gr\u00e1fico non deixa lugar a d\u00fabidas, o domingo d\u00eda oito de marzo a porta segu\u00eda aberta.<\/strong><\/p>\n\n\n\n<p><strong>&nbsp;&nbsp;&nbsp;&nbsp;&nbsp;&nbsp;&nbsp;&nbsp; Finalmente o martes, d\u00eda 10 de marzo, \u00e1s 10.30 h comprobamos que a porti\u00f1a estaba pechada de chave.<\/strong><\/p>\n\n\n\n<p><strong>&nbsp;&nbsp;&nbsp;&nbsp;&nbsp;&nbsp;&nbsp; Imos facer un breve resumo dos antecedentes:<\/strong><\/p>\n\n\n\n<p><strong>1\u00ba O &nbsp;martes, 24 de febreiro, un membro desta plataforma observou que tres p\u00edcaros estaban agachados xunto dun portexo aberto na base do quiosco e que xa iban meter a man nunha instalaci\u00f3n el\u00e9ctrica &nbsp;que al\u00ed hab\u00eda. Deseguido botou de al\u00ed aos nenos, avisou aos pais, pechou a porti\u00f1a e chamou por tel\u00e9fono \u00e1 polic\u00eda municipal, que amablemente tomou nota e dixo que xa avisaba a quen correspondese. O tema comentouse no noso chat e deuse por resolto porque ningu\u00e9n se imaxinaba o que despois sucedeu.<\/strong><\/p>\n\n\n\n<p><strong>2\u00ba O venres 27, mais que nada por curiosidade ao pasar por al\u00ed miramos a ver se a porta estaba pechada, coa sorpresa de que non estaba pechada de chave. Como consecuencia, demos unha <a href=\"https:\/\/blogs.amarinha.gal\/ribadeando\/2026\/02\/27\/nota-informativa-da-plataforma-pola-defensa-das-nosas-arbores-5\/\">nota de prensa<\/a> que acompa\u00f1amos cunha foto, contando que ser\u00eda a mellor maneira de chegar a unha r\u00e1pida soluci\u00f3n.<\/strong><\/p>\n\n\n\n<p><strong>3\u00ba O domingo 1 de marzo pasamos por al\u00ed e comprobamos que a porta segu\u00eda aberta non s\u00f3 de chave sen\u00f3n aberta de todo. Ou sexa que seguramente alg\u00fan neno xogando a deixou as\u00ed, porque non nos imaxinamos que algu\u00e9n o fixese adrede. Como sabemos que as cousas de palacio van como van, agardamos que pasasen uns d\u00edas a ver se se daba ama\u00f1ado.<\/strong><\/p>\n\n\n\n<p><strong>4\u00ba O Sr. Alcalde quixo deixarnos por mintireiros declarando que o asunto estaba resolto dende hab\u00eda un ano pero os documentos gr\u00e1ficos deixan ben claro quen di a verdade e quen non. Quince d\u00edas para pechar a porti\u00f1a! e vai ti saber o tempo que levaba as\u00ed.<\/strong><\/p>\n\n\n\n<p><\/p>\n","protected":false},"excerpt":{"rendered":"<p>NOTA INFORMATIVA DA PLATAFORMA POLA DEFENSA DAS NOSAS \u00c1RBORES &nbsp;&nbsp;&nbsp;&nbsp;&nbsp;&nbsp;&nbsp; Seguindo co tema do grupo el\u00e9ctrico no quiosco (parque infantil) temos que dar conta da resposta do Sr. Alcalde que aparece nun medio o s\u00e1bado d\u00eda 7 de marzo e di as\u00ed: \u201cEse problema arranxouse xa hai un ano\u201d, \u201cfoi unha das primeiras cousas que [&hellip;]<\/p>\n","protected":false},"author":3,"featured_media":0,"comment_status":"open","ping_status":"open","sticky":false,"template":"","format":"standard","meta":{"activitypub_content_warning":"","activitypub_content_visibility":"","activitypub_max_image_attachments":3,"activitypub_interaction_policy_quote":"anyone","activitypub_status":"federated","footnotes":""},"categories":[162,158],"tags":[26,9],"class_list":["post-27078","post","type-post","status-publish","format-standard","hentry","category-medio","category-sociedade","tag-medio","tag-sociedade"],"_links":{"self":[{"href":"https:\/\/blogs.amarinha.gal\/ribadeando\/wp-json\/wp\/v2\/posts\/27078","targetHints":{"allow":["GET"]}}],"collection":[{"href":"https:\/\/blogs.amarinha.gal\/ribadeando\/wp-json\/wp\/v2\/posts"}],"about":[{"href":"https:\/\/blogs.amarinha.gal\/ribadeando\/wp-json\/wp\/v2\/types\/post"}],"author":[{"embeddable":true,"href":"https:\/\/blogs.amarinha.gal\/ribadeando\/wp-json\/wp\/v2\/users\/3"}],"replies":[{"embeddable":true,"href":"https:\/\/blogs.amarinha.gal\/ribadeando\/wp-json\/wp\/v2\/comments?post=27078"}],"version-history":[{"count":2,"href":"https:\/\/blogs.amarinha.gal\/ribadeando\/wp-json\/wp\/v2\/posts\/27078\/revisions"}],"predecessor-version":[{"id":27090,"href":"https:\/\/blogs.amarinha.gal\/ribadeando\/wp-json\/wp\/v2\/posts\/27078\/revisions\/27090"}],"wp:attachment":[{"href":"https:\/\/blogs.amarinha.gal\/ribadeando\/wp-json\/wp\/v2\/media?parent=27078"}],"wp:term":[{"taxonomy":"category","embeddable":true,"href":"https:\/\/blogs.amarinha.gal\/ribadeando\/wp-json\/wp\/v2\/categories?post=27078"},{"taxonomy":"post_tag","embeddable":true,"href":"https:\/\/blogs.amarinha.gal\/ribadeando\/wp-json\/wp\/v2\/tags?post=27078"}],"curies":[{"name":"wp","href":"https:\/\/api.w.org\/{rel}","templated":true}]}}