{"id":26795,"date":"2026-01-28T21:01:52","date_gmt":"2026-01-28T20:01:52","guid":{"rendered":"https:\/\/blogs.amarinha.gal\/ribadeando\/?p=26795"},"modified":"2026-01-29T10:19:11","modified_gmt":"2026-01-29T09:19:11","slug":"pode-empregarse-o-muro-de-novas-do-concello-para-criticar-a-oposicion","status":"publish","type":"post","link":"https:\/\/blogs.amarinha.gal\/ribadeando\/2026\/01\/28\/pode-empregarse-o-muro-de-novas-do-concello-para-criticar-a-oposicion\/","title":{"rendered":"Pode empregarse o muro de novas do concello para criticar \u00e1 oposici\u00f3n?"},"content":{"rendered":"\n<figure class=\"wp-block-image size-full\"><img loading=\"lazy\" decoding=\"async\" width=\"690\" height=\"274\" src=\"https:\/\/blogs.amarinha.gal\/ribadeando\/wp-content\/uploads\/sites\/4\/2026\/01\/critica-a-oposicion.jpg\" alt=\"\" class=\"wp-image-26796\" srcset=\"https:\/\/blogs.amarinha.gal\/ribadeando\/wp-content\/uploads\/sites\/4\/2026\/01\/critica-a-oposicion.jpg 690w, https:\/\/blogs.amarinha.gal\/ribadeando\/wp-content\/uploads\/sites\/4\/2026\/01\/critica-a-oposicion-300x119.jpg 300w\" sizes=\"auto, (max-width: 690px) 100vw, 690px\" \/><\/figure>\n\n\n\n<p>Deixo a captura de pantalla realizada hoxe mesmo dunha nova posta esta ma\u00f1\u00e1 no muro de novas do concello. Non entro a valorar os motivos da oposici\u00f3n nin os do goberno municipal a favor ou en contra da solicitude dun convenio extraordinario no <a href=\"https:\/\/blogs.amarinha.gal\/ribadeando\/2026\/01\/28\/onte-20260127-houbo-pleno\/\">pleno de onte<\/a>. Si lin a <a href=\"https:\/\/www.ribadeo.gal\/o-equipo-de-goberno-do-concello-de-ribadeo-non-entende-que-o-bng-votase-en-contra-no-pleno-celebrado-onte-para-solicitar-un-convenio-extraordinario-de-250-000-euros-a-deputacion-de-lugo-para-o-saneame\/\">nota de prensa<\/a>, que ser\u00eda a correspondente \u00f3 <a href=\"https:\/\/blogs.amarinha.gal\/ribadeando\/tag\/plenos\/\">pleno<\/a> de onte (non hai outra no muro do concello), pero non o que ten que dicir a oposici\u00f3n, e tampouco asist\u00edn \u00f3 pleno. Pero ch\u00e1manme a atenci\u00f3n as formas: que se use un medio do concello, da instituci\u00f3n, para un titular no que unha formaci\u00f3n, no poder, di &#8216;non entender&#8217; a outra, oposici\u00f3n, que non ten acceso a esa mesma difusi\u00f3n.<\/p>\n\n\n\n<p>Non me estendo m\u00e1is. Prefiro que cadaqu\u00e9n xulgue. \u00d3 fin, s\u00f3 presento a mi\u00f1a sorpresa por un feito que coido non debera ter pasado, sen importar que noutros lugares sucedan cousas parellas ou peores.<\/p>\n","protected":false},"excerpt":{"rendered":"<p>Deixo a captura de pantalla realizada hoxe mesmo dunha nova posta esta ma\u00f1\u00e1 no muro de novas do concello. Non entro a valorar os motivos da oposici\u00f3n nin os do goberno municipal a favor ou en contra da solicitude dun convenio extraordinario no pleno de onte. Si lin a nota de prensa, que ser\u00eda a [&hellip;]<\/p>\n","protected":false},"author":3,"featured_media":0,"comment_status":"open","ping_status":"open","sticky":false,"template":"","format":"standard","meta":{"activitypub_content_warning":"","activitypub_content_visibility":"","activitypub_max_image_attachments":3,"activitypub_interaction_policy_quote":"anyone","activitypub_status":"federated","footnotes":""},"categories":[172,176],"tags":[42,13],"class_list":["post-26795","post","type-post","status-publish","format-standard","hentry","category-plenos","category-politica","tag-plenos","tag-politica"],"_links":{"self":[{"href":"https:\/\/blogs.amarinha.gal\/ribadeando\/wp-json\/wp\/v2\/posts\/26795","targetHints":{"allow":["GET"]}}],"collection":[{"href":"https:\/\/blogs.amarinha.gal\/ribadeando\/wp-json\/wp\/v2\/posts"}],"about":[{"href":"https:\/\/blogs.amarinha.gal\/ribadeando\/wp-json\/wp\/v2\/types\/post"}],"author":[{"embeddable":true,"href":"https:\/\/blogs.amarinha.gal\/ribadeando\/wp-json\/wp\/v2\/users\/3"}],"replies":[{"embeddable":true,"href":"https:\/\/blogs.amarinha.gal\/ribadeando\/wp-json\/wp\/v2\/comments?post=26795"}],"version-history":[{"count":1,"href":"https:\/\/blogs.amarinha.gal\/ribadeando\/wp-json\/wp\/v2\/posts\/26795\/revisions"}],"predecessor-version":[{"id":26797,"href":"https:\/\/blogs.amarinha.gal\/ribadeando\/wp-json\/wp\/v2\/posts\/26795\/revisions\/26797"}],"wp:attachment":[{"href":"https:\/\/blogs.amarinha.gal\/ribadeando\/wp-json\/wp\/v2\/media?parent=26795"}],"wp:term":[{"taxonomy":"category","embeddable":true,"href":"https:\/\/blogs.amarinha.gal\/ribadeando\/wp-json\/wp\/v2\/categories?post=26795"},{"taxonomy":"post_tag","embeddable":true,"href":"https:\/\/blogs.amarinha.gal\/ribadeando\/wp-json\/wp\/v2\/tags?post=26795"}],"curies":[{"name":"wp","href":"https:\/\/api.w.org\/{rel}","templated":true}]}}