{"id":26787,"date":"2026-01-28T16:03:03","date_gmt":"2026-01-28T15:03:03","guid":{"rendered":"https:\/\/blogs.amarinha.gal\/ribadeando\/?p=26787"},"modified":"2026-01-28T16:03:07","modified_gmt":"2026-01-28T15:03:07","slug":"onte-20260127-houbo-pleno","status":"publish","type":"post","link":"https:\/\/blogs.amarinha.gal\/ribadeando\/2026\/01\/28\/onte-20260127-houbo-pleno\/","title":{"rendered":"Onte (20260127) houbo pleno"},"content":{"rendered":"\n<p>Si, polo que parece estaba a convocatoria do <a href=\"https:\/\/blogs.amarinha.gal\/ribadeando\/tag\/plenos\/\">pleno<\/a> dende hai hoxe cinco d\u00edas na sede electr\u00f3nica do concello, pero non a vira. A convocatoria era a seguinte:<\/p>\n\n\n\n<div data-wp-interactive=\"core\/file\" class=\"wp-block-file\"><object data-wp-bind--hidden=\"!state.hasPdfPreview\" hidden class=\"wp-block-file__embed\" data=\"https:\/\/blogs.amarinha.gal\/ribadeando\/wp-content\/uploads\/sites\/4\/2026\/01\/Convocatoria-pleno-Ribadeo-20260127.pdf\" type=\"application\/pdf\" style=\"width:100%;height:600px\" aria-label=\"Incrustado de Convocatoria pleno Ribadeo 20260127.\"><\/object><a id=\"wp-block-file--media-f65bfb79-4c04-4059-91b6-c5621b311d5b\" href=\"https:\/\/blogs.amarinha.gal\/ribadeando\/wp-content\/uploads\/sites\/4\/2026\/01\/Convocatoria-pleno-Ribadeo-20260127.pdf\">Convocatoria pleno Ribadeo 20260127<\/a><a href=\"https:\/\/blogs.amarinha.gal\/ribadeando\/wp-content\/uploads\/sites\/4\/2026\/01\/Convocatoria-pleno-Ribadeo-20260127.pdf\" class=\"wp-block-file__button wp-element-button\" download aria-describedby=\"wp-block-file--media-f65bfb79-4c04-4059-91b6-c5621b311d5b\">Descarga\t <\/a><\/div>\n\n\n\n<p>Penso que de terme decatado antes, ter\u00eda ido. E \u00e9 que me chamoa a atenci\u00f3n que antes de rematar xaneiro haixa unha &#8220;Modificaci\u00f3n orzamentaria 03\/2026&#8221;, que non sei se quere dicir que \u00e9 a terceira modificaci\u00f3n do orzamento (aprobado o 23 de decembro, \u00e9 dicir, hai 36 d\u00edas) ou &#8216;s\u00f3&#8217; unha modificaci\u00f3n orzamentaria cando levamos transcorridos s\u00f3 27 d\u00edas do novo ano.<\/p>\n\n\n\n<p>Tampouco sei o que significa &#8216;Comodatos&#8217;, nin te\u00f1o m\u00e1is precisi\u00f3n sobre as &#8216;responsabildiades patrimoniais&#8217; a ra\u00edz da ca\u00edda dunha \u00e1rbore (por exemplo, onde?), o &#8216;impacto dunha pedra \u00f3 rozar&#8217; (asemade, onde?) ou os &#8216;danos en veh\u00edculo pola ca\u00edda de alumeado de Nadal&#8217; (supo\u00f1o que nalgunha das ventoeiras deste Nadal).<\/p>\n\n\n\n<p>Do que si te\u00f1o datos, porque xa o vin no xornal, \u00e9 do convenio marco plurianual con <a href=\"https:\/\/blogs.amarinha.gal\/ribadeando\/?s=ACISA\">ACISA<\/a>, que sup\u00f3n 20 000 \u20ac para este ano. A\u00ednda que non comprendo como te\u00f1en que aprobalo se \u00e9 algo plurianual e entendo que xa estaba aprobado o conxunto, supo\u00f1o que tr\u00e1mite administrativos.<\/p>\n","protected":false},"excerpt":{"rendered":"<p>Si, polo que parece estaba a convocatoria do pleno dende hai hoxe cinco d\u00edas na sede electr\u00f3nica do concello, pero non a vira. A convocatoria era a seguinte: Penso que de terme decatado antes, ter\u00eda ido. E \u00e9 que me chamoa a atenci\u00f3n que antes de rematar xaneiro haixa unha &#8220;Modificaci\u00f3n orzamentaria 03\/2026&#8221;, que non [&hellip;]<\/p>\n","protected":false},"author":3,"featured_media":0,"comment_status":"open","ping_status":"open","sticky":false,"template":"","format":"standard","meta":{"activitypub_content_warning":"","activitypub_content_visibility":"","activitypub_max_image_attachments":3,"activitypub_interaction_policy_quote":"anyone","activitypub_status":"federated","footnotes":""},"categories":[188,172,158],"tags":[21,42,9],"class_list":["post-26787","post","type-post","status-publish","format-standard","hentry","category-economia","category-plenos","category-sociedade","tag-economia","tag-plenos","tag-sociedade"],"_links":{"self":[{"href":"https:\/\/blogs.amarinha.gal\/ribadeando\/wp-json\/wp\/v2\/posts\/26787","targetHints":{"allow":["GET"]}}],"collection":[{"href":"https:\/\/blogs.amarinha.gal\/ribadeando\/wp-json\/wp\/v2\/posts"}],"about":[{"href":"https:\/\/blogs.amarinha.gal\/ribadeando\/wp-json\/wp\/v2\/types\/post"}],"author":[{"embeddable":true,"href":"https:\/\/blogs.amarinha.gal\/ribadeando\/wp-json\/wp\/v2\/users\/3"}],"replies":[{"embeddable":true,"href":"https:\/\/blogs.amarinha.gal\/ribadeando\/wp-json\/wp\/v2\/comments?post=26787"}],"version-history":[{"count":2,"href":"https:\/\/blogs.amarinha.gal\/ribadeando\/wp-json\/wp\/v2\/posts\/26787\/revisions"}],"predecessor-version":[{"id":26790,"href":"https:\/\/blogs.amarinha.gal\/ribadeando\/wp-json\/wp\/v2\/posts\/26787\/revisions\/26790"}],"wp:attachment":[{"href":"https:\/\/blogs.amarinha.gal\/ribadeando\/wp-json\/wp\/v2\/media?parent=26787"}],"wp:term":[{"taxonomy":"category","embeddable":true,"href":"https:\/\/blogs.amarinha.gal\/ribadeando\/wp-json\/wp\/v2\/categories?post=26787"},{"taxonomy":"post_tag","embeddable":true,"href":"https:\/\/blogs.amarinha.gal\/ribadeando\/wp-json\/wp\/v2\/tags?post=26787"}],"curies":[{"name":"wp","href":"https:\/\/api.w.org\/{rel}","templated":true}]}}