{"id":26727,"date":"2026-01-21T15:46:21","date_gmt":"2026-01-21T14:46:21","guid":{"rendered":"https:\/\/blogs.amarinha.gal\/ribadeando\/?p=26727"},"modified":"2026-01-21T15:46:24","modified_gmt":"2026-01-21T14:46:24","slug":"dia-do-polutocrata","status":"publish","type":"post","link":"https:\/\/blogs.amarinha.gal\/ribadeando\/2026\/01\/21\/dia-do-polutocrata\/","title":{"rendered":"D\u00eda do polut\u00f3crata"},"content":{"rendered":"\n<figure class=\"wp-block-image size-full\"><img loading=\"lazy\" decoding=\"async\" width=\"690\" height=\"506\" src=\"https:\/\/blogs.amarinha.gal\/ribadeando\/wp-content\/uploads\/sites\/4\/2026\/01\/presuposto-polutivo-anual.jpg\" alt=\"\" class=\"wp-image-26728\" srcset=\"https:\/\/blogs.amarinha.gal\/ribadeando\/wp-content\/uploads\/sites\/4\/2026\/01\/presuposto-polutivo-anual.jpg 690w, https:\/\/blogs.amarinha.gal\/ribadeando\/wp-content\/uploads\/sites\/4\/2026\/01\/presuposto-polutivo-anual-300x220.jpg 300w\" sizes=\"auto, (max-width: 690px) 100vw, 690px\" \/><\/figure>\n\n\n\n<p>Traduzo en baixo un breve de Oxfam Intermon que me chegou por correo:<\/p>\n\n\n\n<p><strong>D\u00eda do Polut\u00f3crata: o 1% m\u00e1is rico [en cartos] xa esgotou a s\u00faa cota de CO\u2082. <\/strong>Este 10 de xaneiro marcou unha data invisible pero escandalosa: o 1% m\u00e1is rico do planeta esgotou en dez d\u00edas toda a s\u00faa cota de emisi\u00f3ns de CO\u2082 para todo o ano 2026. Cham\u00e1molo &#8216;D\u00eda do Polut\u00f3crata&#8217;. Non \u00e9 unha an\u00e9cdota. \u00c9 o s\u00edntoma dun sistema inxusto. Quen m\u00e1is contamina \u00e9 quens m\u00e1is se beneficia, e quen menos sofre as consecuencias. Porque mentres unha elite acelera a crise clim\u00e1tica, mill\u00f3ns de persoas xa a est\u00e1n a pagar en forma de fame, secas, inundaci\u00f3ns ou desprazamentos forzados. <a href=\"https:\/\/click.de.oxfamintermon.org\/?qs=eyJkZWtJZCI6IjgyYWM5MmY4LTAxMGQtNDNlNi1iOTA3LTQ2ZjZjNTNiZmJhMCIsImRla1ZlcnNpb24iOjEsIml2IjoiRFF5TjhEbVFKMVRXaEJoZm14QVZGQT09IiwiY2lwaGVyVGV4dCI6Im1vQTdVSlRVd3J6eFM5OE8xVlRFYUNCWUsxaCs0WElFZHduRjZkbG9xVk92cnlYVVZNank3dFhqdSs1YTZOK2xteXNZbDJQUUR1dTlDRXVkZDlzVkRkd2F4MzhrYkY2U1ZKY3lWQ0VOREkzd09aQW5WTmFFR0YrYkVCVVUiLCJhdXRoVGFnIjoiMnhVTjNCckhmeVJzWHBKVWx6SlVJUT09In0%3D\" target=\"_blank\" rel=\"noreferrer noopener\">Co\u00f1ece por que \u00e9 urxente cambiar as regras do xogo.<\/a><\/p>\n\n\n\n<p><\/p>\n","protected":false},"excerpt":{"rendered":"<p>Traduzo en baixo un breve de Oxfam Intermon que me chegou por correo: D\u00eda do Polut\u00f3crata: o 1% m\u00e1is rico [en cartos] xa esgotou a s\u00faa cota de CO\u2082. Este 10 de xaneiro marcou unha data invisible pero escandalosa: o 1% m\u00e1is rico do planeta esgotou en dez d\u00edas toda a s\u00faa cota de emisi\u00f3ns [&hellip;]<\/p>\n","protected":false},"author":3,"featured_media":0,"comment_status":"open","ping_status":"open","sticky":false,"template":"","format":"standard","meta":{"activitypub_content_warning":"","activitypub_content_visibility":"","activitypub_max_image_attachments":3,"activitypub_interaction_policy_quote":"anyone","activitypub_status":"federated","footnotes":""},"categories":[188,162],"tags":[21,26],"class_list":["post-26727","post","type-post","status-publish","format-standard","hentry","category-economia","category-medio","tag-economia","tag-medio"],"_links":{"self":[{"href":"https:\/\/blogs.amarinha.gal\/ribadeando\/wp-json\/wp\/v2\/posts\/26727","targetHints":{"allow":["GET"]}}],"collection":[{"href":"https:\/\/blogs.amarinha.gal\/ribadeando\/wp-json\/wp\/v2\/posts"}],"about":[{"href":"https:\/\/blogs.amarinha.gal\/ribadeando\/wp-json\/wp\/v2\/types\/post"}],"author":[{"embeddable":true,"href":"https:\/\/blogs.amarinha.gal\/ribadeando\/wp-json\/wp\/v2\/users\/3"}],"replies":[{"embeddable":true,"href":"https:\/\/blogs.amarinha.gal\/ribadeando\/wp-json\/wp\/v2\/comments?post=26727"}],"version-history":[{"count":1,"href":"https:\/\/blogs.amarinha.gal\/ribadeando\/wp-json\/wp\/v2\/posts\/26727\/revisions"}],"predecessor-version":[{"id":26729,"href":"https:\/\/blogs.amarinha.gal\/ribadeando\/wp-json\/wp\/v2\/posts\/26727\/revisions\/26729"}],"wp:attachment":[{"href":"https:\/\/blogs.amarinha.gal\/ribadeando\/wp-json\/wp\/v2\/media?parent=26727"}],"wp:term":[{"taxonomy":"category","embeddable":true,"href":"https:\/\/blogs.amarinha.gal\/ribadeando\/wp-json\/wp\/v2\/categories?post=26727"},{"taxonomy":"post_tag","embeddable":true,"href":"https:\/\/blogs.amarinha.gal\/ribadeando\/wp-json\/wp\/v2\/tags?post=26727"}],"curies":[{"name":"wp","href":"https:\/\/api.w.org\/{rel}","templated":true}]}}