{"id":26702,"date":"2026-01-14T19:12:03","date_gmt":"2026-01-14T18:12:03","guid":{"rendered":"https:\/\/blogs.amarinha.gal\/ribadeando\/?p=26702"},"modified":"2026-01-14T19:12:07","modified_gmt":"2026-01-14T18:12:07","slug":"wikipedia-cumpre-25-anos","status":"publish","type":"post","link":"https:\/\/blogs.amarinha.gal\/ribadeando\/2026\/01\/14\/wikipedia-cumpre-25-anos\/","title":{"rendered":"Wikipedia cumpre 25 anos"},"content":{"rendered":"\n<p>Adxunto a nota de prensa distribu\u00edda por Wikimedia Espa\u00f1a co motivo dos 25 anos da Wikipedia, lembrando que unha parte significativa das ligaz\u00f3ns que aparecen no blog van dirixidas \u00e1 <a href=\"https:\/\/gl.wikipedia.org\/wiki\/Portada\">Galipedia<\/a>, a Wikipedia en lingua galega, a m\u00e1is de ter unha <a href=\"https:\/\/blogs.amarinha.gal\/ribadeando\/tag\/galipedia\/\">Categor\u00eda<\/a> e unha Etiqueta adicadas dentro do blog..<\/p>\n\n\n\n<figure class=\"wp-block-image aligncenter size-full\"><img loading=\"lazy\" decoding=\"async\" width=\"102\" height=\"71\" src=\"https:\/\/blogs.amarinha.gal\/ribadeando\/wp-content\/uploads\/sites\/4\/2026\/01\/imaxe-1.png\" alt=\"\" class=\"wp-image-26704\" \/><\/figure>\n\n\n\n<div class=\"wp-block-group is-layout-constrained wp-block-group-is-layout-constrained\">\n<p><strong>Wikipedia cumpre 25 anos: un cuarto de s<\/strong><strong>\u00e9cu<\/strong><strong>lo editando o mundo dende a colaboraci\u00f3n humana<\/strong><\/p>\n\n\n\n<p>\u2022 <em>A maior enciclopedia libre celebra o seu aniversario reivindicando que o co<\/em><em>\u00f1e<\/em><em>cemiento <\/em><em>\u00e9<\/em><em> humano, libre <\/em><em>e<\/em><em> colectivo.<\/em><\/p>\n\n\n\n<p>\u2022 <em>Editando o mundo con m\u00e1is de 65 mill<\/em><em>\u00f3<\/em><em>ns de artigos en m\u00e1is de 300 linguas<\/em><\/p>\n\n\n\n<p>\u2022 <em>Wikipedia non a escriben empresas nin algoritmos. Constr<\/em><em>\u00fa<\/em><em>ena centos de milleiros de persoas voluntarias de todo o mundo<\/em><\/p>\n<\/div>\n\n\n\n<p><strong>Madrid, xaneiro de 2026. <\/strong>Wikipedia cumpre 25 anos editando o mundo. Despois do seu nacemento ol 15 de xaneiro de 2001, a enciclopedia libre tense convertido nun dos maiores proxectos de co\u00f1ecemento da historia: <strong>m\u00e1is de 65 mill<\/strong><strong>\u00f3<\/strong><strong>ns de artigos en m\u00e1is de 300 linguas<\/strong>, perto de 15 000 mill\u00f3ns de visitas \u00f3 mes e unha <strong>comunidade global de case 250<\/strong><strong>000 persoas voluntarias <\/strong>que a editan cada mes.<\/p>\n\n\n\n<p>Con motivo deste aniversario, Wikimedia impulsa a campa\u00f1a global Wikipedia25, baixo o lema <strong>\u201cO co<\/strong><strong>\u00f1e<\/strong><strong>cemento <\/strong><strong>\u00e9<\/strong><strong> humano\u201d<\/strong>, que pon o foco nas persoas que fan posible Wikipedia: unha rede diversa de voluntariado que investiga, contrasta fontes e constr\u00fae co\u00f1ecemento libre para toda a sociedade.<\/p>\n\n\n\n<p><strong>O<\/strong><strong> co<\/strong><strong>\u00f1e<\/strong><strong>cmento <\/strong><strong>\u00e9<\/strong><strong> humano: persoas detr\u00e1s de Wikipedia<\/strong><\/p>\n\n\n\n<p>Wikipedia non a escriben empresas nin algoritmos. Constr\u00faena centos de milleiros de persoas voluntarias de todo o mundo, que seguen normas estritas de <strong>neutralidade, verificabilidade e uso de f<\/strong><strong>o<\/strong><strong>ntes fiables<\/strong>. Diversos estudos amosan que cantas m\u00e1is persoas e m\u00e1is diversas editan, maor \u00e9 a calidade do co\u00f1ecemento.<\/p>\n\n\n\n<p>Lonxe de ser un arquivo est\u00e1tico, Wikipedia \u00e9 unha enciclopedia viva que <strong>se edita m\u00e1is de 340 veces por minuto<\/strong>. A s\u00faa comunidade corrixe erros e combate o vandalismo en tempo r\u00e9cord: nas edici\u00f3ns m\u00e1is consultadas, a maior\u00eda dos actos vand\u00e1licos rev\u00edrtense en menos de dez minutos.<\/p>\n\n\n\n<p><strong>Co<\/strong><strong>\u00f1e<\/strong><strong>cemento libre, s<\/strong><strong>e<\/strong><strong>n anuncios nin venta de datos<\/strong><\/p>\n\n\n\n<p>Nun entorno dixital dominado pola publicidade e a explotaci\u00f3n de datos persoais, Wikipedia \u00e9 unha excepci\u00f3n: non ten anuncios, non cobra suscrici\u00f3ns e non vende datos dos seus lectores. Fin\u00e1nciase grazas a pequenas donaci\u00f3ns individuais, duns 10 euros de media, de persoas que cren que o co\u00f1ecemento debe ser un ben com\u00fan.<\/p>\n\n\n\n<p>Este modelo aberto e comunitario ten convertido a Wikipedia nun recurso educativo esencial e nun referente informativo para mill\u00f3ns de persoas en todo o mundo.<\/p>\n\n\n\n<p><strong>A base d<\/strong><strong>o<\/strong><strong> co<\/strong><strong>\u00f1e<\/strong><strong>ocemento en Internet e na era da IA<\/strong><\/p>\n\n\n\n<p>Wikipedia \u00e9 hoxe a columna vertebral do co\u00f1ecemento en Internet. <strong>Os seus contidos alimentan <\/strong>buscadores, medios de comunicaci\u00f3n, proxectos de verificaci\u00f3n de feitos, iniciativas educativas e <strong>os principa<\/strong><strong>i<\/strong><strong>s sistemas de inteli<\/strong><strong>x<\/strong><strong>encia artificial<\/strong>. Todos os grandes modelos de linguaxe comerciais usan Wikipedia como parte fundamental do seu entrenamento.<\/p>\n\n\n\n<p>Nun contexto de proliferaci\u00f3n de contidos xerados por m\u00e1quinas, Wikipedia defende un principio clave: todo o seu contido \u00e9 revisado por persoas, garantizando rigor e fiabilidade. A\u00ednda que dende hai m\u00e1is dunha d\u00e9cada a comunidade usa ferramentas de IA para tarefas repetitivas, a decisi\u00f3n final sempre \u00e9 humana.<\/p>\n\n\n\n<p><strong>Unha celebraci\u00f3n global <\/strong><strong>e<\/strong><strong> aberta a todo o mundo<\/strong><\/p>\n\n\n\n<p>Para dar inicio \u00e1s celebraci\u00f3ns do seu 25.\u00ba aniversario, realizar\u00e1 un evento virtual con xogos, entretemento, persoas invitadas e premios.<\/p>\n\n\n\n<p>Ser\u00e1 unha oportunidade para co\u00f1ecer mellor c\u00f3mo funciona Wikipedia, celebrar xunto \u00e1 s\u00faa comunidade internacional e descobrer como calquera persoa pode contribu\u00edr a este proxecto colaborativo que segue a medrar d\u00eda a d\u00eda.<\/p>\n\n\n\n<p>A m\u00e1is, a Wikipedia en castel\u00e1n celebrar\u00e1 o seu aniversario o pr\u00f3ximo 20 de maio, po\u00f1endo en valor o papel das comunidades locais e do voluntariado que coida e ampl\u00eda o co\u00f1ecemento libre en castel\u00e1n.<\/p>\n\n\n\n<p><strong>25 anos amosando o poder da colaboraci\u00f3n<\/strong><\/p>\n\n\n\n<p>Dende 2001, mill\u00f3ns de persoas te\u00f1en amosado que a colaboraci\u00f3n humana pode constru\u00edr un co\u00f1ecemento global, libre e confiable. Na era da intelixencia artificial, <strong>o co<\/strong><strong>\u00f1e<\/strong><strong>cemento humano <\/strong><strong>\u00e9<\/strong><strong> m\u00e1is necesario ca nunca<\/strong>. Wikipedia \u00e9 a proba de que cando as persoas colaboran, o resultado beneficia a toda a sociedade.<\/p>\n\n\n\n<p>Col apoio de toda a comunidade, Wikipedia olla o futuro cun obxectivo claro: seguir editando o mundo durante os pr\u00f3ximos 25 anos, porque o co\u00f1ecemeento \u00e9 humano\u2026 e necesita humanos.<\/p>\n\n\n\n<p>\u2022 <a href=\"https:\/\/commons.wikimedia.org\/wiki\/Category:XI_Jornadas_de_Wikimedia_Espa%C3%B1a_ %E2%80%94_Day_2#\/media\/File:Jornadas_Anuales_Wikimedia_Espa%C3%B1a_2025_22.jpg\">https:\/\/commons.wikimedia.org\/wiki\/Category:XI_Jornadas_de_Wikimedia_Espa%C3%B1a_ %E2%80%94_Day_2#\/media\/File:Jornadas_Anuales_Wikimedia_Espa%C3%B1a_2025_22.jpg<\/a><\/p>\n\n\n\n<p>\u2022 <a href=\"https:\/\/meta.wikimedia.org\/wiki\/Wikipedia_25\/Celebration_toolkit\/es#\/media\/File:WP25_S hort_lockup_knockout.png\">https:\/\/meta.wikimedia.org\/wiki\/Wikipedia_25\/Celebration_toolkit\/es#\/media\/File:WP25_S hort_lockup_knockout.png<\/a><\/p>\n\n\n\n<p>\u2022 <a href=\"https:\/\/meta.wikimedia.org\/wiki\/Wikipedia_25\/Celebration_toolkit\/es#\/media\/File:WP25_P rimary_lockup_white_25.png\">https:\/\/meta.wikimedia.org\/wiki\/Wikipedia_25\/Celebration_toolkit\/es#\/media\/File:WP25_P rimary_lockup_white_25.png<\/a><\/p>\n\n\n\n<p><strong>Sobre Wikimedia Espa\u00f1a<\/strong><\/p>\n\n\n\n<p>Wikimedia Espa\u00f1a \u00e9 unha asociaci\u00f3n sen \u00e1nimo de lucro, declarada de utilidade p\u00fablica, dedicada a promover e apoiar o libre acceso, uso, estudo, modificaci\u00f3n e redistribuci\u00f3n de contidos abertos. A s\u00faa misi\u00f3n principal \u00e9 fomentar a difusi\u00f3n, mellora e sostenibilidade dos proxectos vinculados \u00e1 Fundaci\u00f3n Wikimedia e outras iniciativas af\u00edns. Para acadar istos obxectivos, Wikimedia Espa\u00f1a organiza actividades de sensibilizaci\u00f3n e formaci\u00f3n, e establece colaboraci\u00f3ns estrat\u00e9xicas con entidades p\u00fablicas e privadas, tanto nacionais como internacionais. Deste xeito, contrib\u00fae a ampliar o co\u00f1ecemento e o uso responsable dos recursos de co\u00f1ecemento libre, fortalecendo as\u00ed a cultura do acceso aberto.<\/p>\n","protected":false},"excerpt":{"rendered":"<p>Adxunto a nota de prensa distribu\u00edda por Wikimedia Espa\u00f1a co motivo dos 25 anos da Wikipedia, lembrando que unha parte significativa das ligaz\u00f3ns que aparecen no blog van dirixidas \u00e1 Galipedia, a Wikipedia en lingua galega, a m\u00e1is de ter unha Categor\u00eda e unha Etiqueta adicadas dentro do blog.. Wikipedia cumpre 25 anos: un cuarto [&hellip;]<\/p>\n","protected":false},"author":3,"featured_media":0,"comment_status":"open","ping_status":"open","sticky":false,"template":"","format":"standard","meta":{"activitypub_content_warning":"","activitypub_content_visibility":"","activitypub_max_image_attachments":3,"activitypub_interaction_policy_quote":"anyone","activitypub_status":"federated","footnotes":""},"categories":[182],"tags":[63],"class_list":["post-26702","post","type-post","status-publish","format-standard","hentry","category-galipedia","tag-galipedia"],"_links":{"self":[{"href":"https:\/\/blogs.amarinha.gal\/ribadeando\/wp-json\/wp\/v2\/posts\/26702","targetHints":{"allow":["GET"]}}],"collection":[{"href":"https:\/\/blogs.amarinha.gal\/ribadeando\/wp-json\/wp\/v2\/posts"}],"about":[{"href":"https:\/\/blogs.amarinha.gal\/ribadeando\/wp-json\/wp\/v2\/types\/post"}],"author":[{"embeddable":true,"href":"https:\/\/blogs.amarinha.gal\/ribadeando\/wp-json\/wp\/v2\/users\/3"}],"replies":[{"embeddable":true,"href":"https:\/\/blogs.amarinha.gal\/ribadeando\/wp-json\/wp\/v2\/comments?post=26702"}],"version-history":[{"count":1,"href":"https:\/\/blogs.amarinha.gal\/ribadeando\/wp-json\/wp\/v2\/posts\/26702\/revisions"}],"predecessor-version":[{"id":26705,"href":"https:\/\/blogs.amarinha.gal\/ribadeando\/wp-json\/wp\/v2\/posts\/26702\/revisions\/26705"}],"wp:attachment":[{"href":"https:\/\/blogs.amarinha.gal\/ribadeando\/wp-json\/wp\/v2\/media?parent=26702"}],"wp:term":[{"taxonomy":"category","embeddable":true,"href":"https:\/\/blogs.amarinha.gal\/ribadeando\/wp-json\/wp\/v2\/categories?post=26702"},{"taxonomy":"post_tag","embeddable":true,"href":"https:\/\/blogs.amarinha.gal\/ribadeando\/wp-json\/wp\/v2\/tags?post=26702"}],"curies":[{"name":"wp","href":"https:\/\/api.w.org\/{rel}","templated":true}]}}