{"id":26619,"date":"2026-01-07T14:32:44","date_gmt":"2026-01-07T13:32:44","guid":{"rendered":"https:\/\/blogs.amarinha.gal\/ribadeando\/?p=26619"},"modified":"2026-01-07T14:32:47","modified_gmt":"2026-01-07T13:32:47","slug":"entrando-no-ano-a-fria-temperie","status":"publish","type":"post","link":"https:\/\/blogs.amarinha.gal\/ribadeando\/2026\/01\/07\/entrando-no-ano-a-fria-temperie\/","title":{"rendered":"Entrando no ano: a fr\u00eda temperie"},"content":{"rendered":"\n<p>Dende hai anos ve\u00f1o recollendo datos correspondentes \u00e1 <a href=\"https:\/\/blogs.amarinha.gal\/ribadeando\/tag\/meteoroloxia\/\">temperie ribadense<\/a>. Entre eles, est\u00e1n as temperaturas. Unhas temperaturas que indican que o pasado foi o segundo ano m\u00e1is caloroso dende que hai rexistros en Ribadeo, \u00f3 pesar do relativamente fr\u00edo \u00faltimo trimestre que impediu unha nova marca anual de temperatura media. Tam\u00e9n indican que os catro \u00faltimos anos son os m\u00e1is calorosos dende que hai rexistros en Ribadeo, e iso incl\u00fae parte dos anos 20 e 30 do pasado s\u00e9culo.<\/p>\n\n\n\n<p>O caso \u00e9 que este novo comezo de ano 2026 est\u00e1 a ser fr\u00edo, o terceiro m\u00e1is fr\u00edo do que vai de s\u00e9culo, como pode verse na gr\u00e1fica que se adxunta. Nela os trazos que representan as temperaturas medias (en \u00baC) dos catro primeiros d\u00edas de cada ano van sendo m\u00e1is grosos a medida que imos avanzando no s\u00e9culo, o que fai ver esta entrada de ano como unha anomal\u00eda de fr\u00edo, s\u00f3 por riba de 2019 e 2021.<\/p>\n\n\n\n<p>Vaia o dicir que catro d\u00edas dun ano non representan moita cousa m\u00e1is al\u00f3 dunha curiosidade entre os datos do pobo durante case dez mil d\u00edas que levamos de s\u00e9culo, pero diso falaremos m\u00e1is adiante, cos datos ben formatados.<\/p>\n\n\n\n<figure class=\"wp-block-image size-full is-resized\"><img loading=\"lazy\" decoding=\"async\" width=\"341\" height=\"566\" src=\"https:\/\/blogs.amarinha.gal\/ribadeando\/wp-content\/uploads\/sites\/4\/2026\/01\/Primeiros-dias-do-ano.png\" alt=\"\" class=\"wp-image-26620\" style=\"width:593px;height:auto\" srcset=\"https:\/\/blogs.amarinha.gal\/ribadeando\/wp-content\/uploads\/sites\/4\/2026\/01\/Primeiros-dias-do-ano.png 341w, https:\/\/blogs.amarinha.gal\/ribadeando\/wp-content\/uploads\/sites\/4\/2026\/01\/Primeiros-dias-do-ano-181x300.png 181w\" sizes=\"auto, (max-width: 341px) 100vw, 341px\" \/><\/figure>\n","protected":false},"excerpt":{"rendered":"<p>Dende hai anos ve\u00f1o recollendo datos correspondentes \u00e1 temperie ribadense. Entre eles, est\u00e1n as temperaturas. Unhas temperaturas que indican que o pasado foi o segundo ano m\u00e1is caloroso dende que hai rexistros en Ribadeo, \u00f3 pesar do relativamente fr\u00edo \u00faltimo trimestre que impediu unha nova marca anual de temperatura media. Tam\u00e9n indican que os catro [&hellip;]<\/p>\n","protected":false},"author":3,"featured_media":0,"comment_status":"open","ping_status":"open","sticky":false,"template":"","format":"standard","meta":{"activitypub_content_warning":"","activitypub_content_visibility":"","activitypub_max_image_attachments":3,"activitypub_interaction_policy_quote":"anyone","activitypub_status":"federated","footnotes":""},"categories":[208],"tags":[52],"class_list":["post-26619","post","type-post","status-publish","format-standard","hentry","category-meteoroloxia","tag-meteoroloxia"],"_links":{"self":[{"href":"https:\/\/blogs.amarinha.gal\/ribadeando\/wp-json\/wp\/v2\/posts\/26619","targetHints":{"allow":["GET"]}}],"collection":[{"href":"https:\/\/blogs.amarinha.gal\/ribadeando\/wp-json\/wp\/v2\/posts"}],"about":[{"href":"https:\/\/blogs.amarinha.gal\/ribadeando\/wp-json\/wp\/v2\/types\/post"}],"author":[{"embeddable":true,"href":"https:\/\/blogs.amarinha.gal\/ribadeando\/wp-json\/wp\/v2\/users\/3"}],"replies":[{"embeddable":true,"href":"https:\/\/blogs.amarinha.gal\/ribadeando\/wp-json\/wp\/v2\/comments?post=26619"}],"version-history":[{"count":1,"href":"https:\/\/blogs.amarinha.gal\/ribadeando\/wp-json\/wp\/v2\/posts\/26619\/revisions"}],"predecessor-version":[{"id":26621,"href":"https:\/\/blogs.amarinha.gal\/ribadeando\/wp-json\/wp\/v2\/posts\/26619\/revisions\/26621"}],"wp:attachment":[{"href":"https:\/\/blogs.amarinha.gal\/ribadeando\/wp-json\/wp\/v2\/media?parent=26619"}],"wp:term":[{"taxonomy":"category","embeddable":true,"href":"https:\/\/blogs.amarinha.gal\/ribadeando\/wp-json\/wp\/v2\/categories?post=26619"},{"taxonomy":"post_tag","embeddable":true,"href":"https:\/\/blogs.amarinha.gal\/ribadeando\/wp-json\/wp\/v2\/tags?post=26619"}],"curies":[{"name":"wp","href":"https:\/\/api.w.org\/{rel}","templated":true}]}}