{"id":26278,"date":"2025-12-14T07:51:00","date_gmt":"2025-12-14T06:51:00","guid":{"rendered":"https:\/\/blogs.amarinha.gal\/ribadeando\/?p=26278"},"modified":"2025-12-08T20:05:34","modified_gmt":"2025-12-08T19:05:34","slug":"xadrez-corunes-xose-carlos-rodriguez-ranon","status":"publish","type":"post","link":"https:\/\/blogs.amarinha.gal\/ribadeando\/2025\/12\/14\/xadrez-corunes-xose-carlos-rodriguez-ranon\/","title":{"rendered":"XADREZ CORU\u00d1\u00c9S. Xos\u00e9 Carlos Rodr\u00edguez Ra\u00f1\u00f3n"},"content":{"rendered":"\n<p class=\"has-text-align-center\"><strong>XADREZ CORU\u00d1\u00c9S<\/strong><\/p>\n\n\n\n<p class=\"has-text-align-center\"><strong><a href=\"https:\/\/blogs.amarinha.gal\/ribadeando\/tag\/xose-carlos-rodriguez-ranon\/\">Xos\u00e9 Carlos Rodr\u00edguez Ra\u00f1\u00f3n<\/a><\/strong><\/p>\n\n\n\n<p>No segundo andar do c\u00e9ntrico e herculino Caf\u00e9 Macondo, re\u00fanese un grupo de saudadosos e veteranos amigos amantes do xadrez e vencellados a esta secci\u00f3n (dependente do futbol\u00edstico e branquiazul Depor) que foi creada en 1965 e desapareceu en 1992. Lembran que os torneos se realizaban nos sotos do estadio de Riazor e que a \u00e1rbitra Mar\u00eda del Carmen Fern\u00e1dez foi a respons\u00e1bel de que as rapazas se achegasen non soamente ao campo mais tam\u00e9n ao taboleiro, xa que daquela o xadrez tam\u00e9n era a\u00ednda unha disciplina estrictamente masculina. Ela foi ademais a que logrou traer \u00e1 Coru\u00f1a (hai agora corenta anos) a lenda sovi\u00e9tica Karpov aproveitando que ti\u00f1a un torneo en Ourense. No Casino da cidade xogou (e mesmo perdeu) con alg\u00fan dos fachendosos seareiros que se re\u00fanen a\u00ednda hoxe grazas \u00e1 s\u00faa xubilaci\u00f3n e ao retorno \u00e1s s\u00faas ra\u00edces despois de estar moitos anos lonxe delas por motivos familiares ou laborais.<\/p>\n\n\n\n<figure class=\"wp-block-image size-full\"><img loading=\"lazy\" decoding=\"async\" width=\"690\" height=\"436\" src=\"https:\/\/blogs.amarinha.gal\/ribadeando\/wp-content\/uploads\/sites\/4\/2025\/12\/Cafe-de-Macondo.jpg\" alt=\"\" class=\"wp-image-26279\" srcset=\"https:\/\/blogs.amarinha.gal\/ribadeando\/wp-content\/uploads\/sites\/4\/2025\/12\/Cafe-de-Macondo.jpg 690w, https:\/\/blogs.amarinha.gal\/ribadeando\/wp-content\/uploads\/sites\/4\/2025\/12\/Cafe-de-Macondo-300x190.jpg 300w\" sizes=\"auto, (max-width: 690px) 100vw, 690px\" \/><figcaption class=\"wp-element-caption\">O Caf\u00e9 de Macondo, centro neur\u00e1lxico desta historia hoxe.<\/figcaption><\/figure>\n\n\n\n<p>Alg\u00fans deles mesmo deixaron as figuras negras e brancas de lado durante d\u00e9cadas at\u00e9 que, coas novas aplicaci\u00f3ns de xogos para m\u00f3biles, voltaron familiarizarse co rei e a ra\u00ed\u00f1a a\u00ednda sendo, en certos casos, republicanos. Con morri\u00f1a lembran cando antano, nos longos e tensos campionatos, moitos dos participantes consultaban os manuais de xogadas maxistrais \u00e1s agochadas coa desculpa de iren un momento ao ba\u00f1o.<\/p>\n\n\n\n<p>Todos eles gardan na s\u00faa memoria con moit\u00edsimo agarimo o finado Domingos Merino, grande afeccionado e primeiro alcalde democr\u00e1tico (e galeguista, pertencente \u00e1 extinta Unidade Galega do imprescind\u00edbel Camilo Nogueira) da cidade despois da ditadura. A s\u00faa paix\u00f3n por este xogo era tal que no seu retrato oficial conservado no consistorio aparece posando orgulloso para a posteridade cun taboleiro de xadrez ao seu car\u00f3n, case como se fosen as medievais armas dunha antiga li\u00f1axe e dun nobre bras\u00f3n.<\/p>\n","protected":false},"excerpt":{"rendered":"<p>XADREZ CORU\u00d1\u00c9S Xos\u00e9 Carlos Rodr\u00edguez Ra\u00f1\u00f3n No segundo andar do c\u00e9ntrico e herculino Caf\u00e9 Macondo, re\u00fanese un grupo de saudadosos e veteranos amigos amantes do xadrez e vencellados a esta secci\u00f3n (dependente do futbol\u00edstico e branquiazul Depor) que foi creada en 1965 e desapareceu en 1992. Lembran que os torneos se realizaban nos sotos do [&hellip;]<\/p>\n","protected":false},"author":3,"featured_media":0,"comment_status":"open","ping_status":"open","sticky":false,"template":"","format":"standard","meta":{"activitypub_content_warning":"","activitypub_content_visibility":"","activitypub_max_image_attachments":3,"activitypub_interaction_policy_quote":"anyone","activitypub_status":"federated","footnotes":""},"categories":[168],"tags":[31],"class_list":["post-26278","post","type-post","status-publish","format-standard","hentry","category-xose-carlos-rodriguez-ranon","tag-xose-carlos-rodriguez-ranon"],"_links":{"self":[{"href":"https:\/\/blogs.amarinha.gal\/ribadeando\/wp-json\/wp\/v2\/posts\/26278","targetHints":{"allow":["GET"]}}],"collection":[{"href":"https:\/\/blogs.amarinha.gal\/ribadeando\/wp-json\/wp\/v2\/posts"}],"about":[{"href":"https:\/\/blogs.amarinha.gal\/ribadeando\/wp-json\/wp\/v2\/types\/post"}],"author":[{"embeddable":true,"href":"https:\/\/blogs.amarinha.gal\/ribadeando\/wp-json\/wp\/v2\/users\/3"}],"replies":[{"embeddable":true,"href":"https:\/\/blogs.amarinha.gal\/ribadeando\/wp-json\/wp\/v2\/comments?post=26278"}],"version-history":[{"count":1,"href":"https:\/\/blogs.amarinha.gal\/ribadeando\/wp-json\/wp\/v2\/posts\/26278\/revisions"}],"predecessor-version":[{"id":26280,"href":"https:\/\/blogs.amarinha.gal\/ribadeando\/wp-json\/wp\/v2\/posts\/26278\/revisions\/26280"}],"wp:attachment":[{"href":"https:\/\/blogs.amarinha.gal\/ribadeando\/wp-json\/wp\/v2\/media?parent=26278"}],"wp:term":[{"taxonomy":"category","embeddable":true,"href":"https:\/\/blogs.amarinha.gal\/ribadeando\/wp-json\/wp\/v2\/categories?post=26278"},{"taxonomy":"post_tag","embeddable":true,"href":"https:\/\/blogs.amarinha.gal\/ribadeando\/wp-json\/wp\/v2\/tags?post=26278"}],"curies":[{"name":"wp","href":"https:\/\/api.w.org\/{rel}","templated":true}]}}