{"id":2603,"date":"2022-10-14T20:44:00","date_gmt":"2022-10-14T18:44:00","guid":{"rendered":""},"modified":"2024-10-23T19:58:00","modified_gmt":"2024-10-23T17:58:00","slug":"biblioteca-confesionario-xose-carlos","status":"publish","type":"post","link":"https:\/\/blogs.amarinha.gal\/ribadeando\/2022\/10\/14\/biblioteca-confesionario-xose-carlos\/","title":{"rendered":"BIBLIOTECA-CONFESIONARIO. Xos\u00e9 Carlos Rodr\u00edguez Ra\u00f1\u00f3n"},"content":{"rendered":"<p>&nbsp;<\/p>\n<p>BIBLIOTECA-CONFESIONARIO<\/p>\n<p><a href=\"https:\/\/blogs.amarinha.gal\/ribadeando\/search\/label\/Xos%C3%A9%20Carlos%20Rodr%C3%ADguez%20Ra%C3%B1%C3%B3n\" rel=\"nofollow noopener\" target=\"_blank\">Xos\u00e9 Carlos Rodr\u00edguez Ra\u00f1\u00f3n<\/a><\/p>\n<p><em><span>&nbsp;&nbsp; &nbsp;<\/span>Desde hai xa anos, unha bibliotecaria dunha pequena vila sueca tivo a idea de reunir, durante unha hora (ao xeito das ceas amorosas ou desastrosas de \u201cFirst dates\u201d ou das feitas ao chou ou \u00e1s apalpadelas nalg\u00fan restaurante mari\u00f1\u00e1n), persoas desco\u00f1ecidas pensando que, como o roce fai o cari\u00f1o (pero tam\u00e9n todo o contrario), poder\u00edan compartir inquedanzas e desfacer tab\u00fas, estereotipos e clix\u00e9s.<\/em><\/p>\n<p><em><span>&nbsp;&nbsp; &nbsp;<\/span>Xa dixera Einstein que era m\u00e1is doado desintegrar un \u00e1tomo que un prexu\u00edzo polo que ser\u00eda bo que cundise o exemplo, pois non andamos moi sobrados de empat\u00eda nin de respecto. As\u00ed, un poder\u00eda falar amigabelmente cun discapacitado f\u00edsico ou intelectual, cun individuo de convicci\u00f3ns relixiosas ou ideas pol\u00edticas opostas, cun pobre ou cun millonario, con algu\u00e9n doutra raza ou orientaci\u00f3n sexual, cun delincuente arrepentido (ou non), cunha v\u00edtima dalg\u00fan delicto e mesmo co demo se por al\u00ed pasara recoller un libro. O inferno para Sartre eran sempre os demais pero, se cadra, somos n\u00f3s o inferno mesmo.<\/em><\/p>\n<p><em><span>&nbsp;&nbsp; &nbsp;<\/span>Nestes tempos de sobreinformaci\u00f3n nos que s\u00f3 manexamos datos (sen saber interpretalos) e as tecnolox\u00edas nos achegan aos que est\u00e1n lonxe pero nos illan dos que temos perto, convennos convencernos de que non odiamos tanto por pura e dura maldade como por simple distanciamento co alleo. Cr\u00e9molo?<\/em><\/p>\n","protected":false},"excerpt":{"rendered":"<p>&nbsp; BIBLIOTECA-CONFESIONARIO Xos\u00e9 Carlos Rodr\u00edguez Ra\u00f1\u00f3n &nbsp;&nbsp; &nbsp;Desde hai xa anos, unha bibliotecaria dunha pequena vila sueca tivo a idea de reunir, durante unha hora (ao xeito das ceas amorosas ou desastrosas de \u201cFirst dates\u201d ou das feitas ao chou ou \u00e1s apalpadelas nalg\u00fan restaurante mari\u00f1\u00e1n), persoas desco\u00f1ecidas pensando que, como o roce fai o [&hellip;]<\/p>\n","protected":false},"author":3,"featured_media":0,"comment_status":"open","ping_status":"closed","sticky":false,"template":"","format":"standard","meta":{"activitypub_content_warning":"","activitypub_content_visibility":"","activitypub_max_image_attachments":3,"activitypub_interaction_policy_quote":"anyone","activitypub_status":"federated","footnotes":""},"categories":[1],"tags":[31],"class_list":["post-2603","post","type-post","status-publish","format-standard","hentry","category-sen-categoria","tag-xose-carlos-rodriguez-ranon"],"_links":{"self":[{"href":"https:\/\/blogs.amarinha.gal\/ribadeando\/wp-json\/wp\/v2\/posts\/2603","targetHints":{"allow":["GET"]}}],"collection":[{"href":"https:\/\/blogs.amarinha.gal\/ribadeando\/wp-json\/wp\/v2\/posts"}],"about":[{"href":"https:\/\/blogs.amarinha.gal\/ribadeando\/wp-json\/wp\/v2\/types\/post"}],"author":[{"embeddable":true,"href":"https:\/\/blogs.amarinha.gal\/ribadeando\/wp-json\/wp\/v2\/users\/3"}],"replies":[{"embeddable":true,"href":"https:\/\/blogs.amarinha.gal\/ribadeando\/wp-json\/wp\/v2\/comments?post=2603"}],"version-history":[{"count":0,"href":"https:\/\/blogs.amarinha.gal\/ribadeando\/wp-json\/wp\/v2\/posts\/2603\/revisions"}],"wp:attachment":[{"href":"https:\/\/blogs.amarinha.gal\/ribadeando\/wp-json\/wp\/v2\/media?parent=2603"}],"wp:term":[{"taxonomy":"category","embeddable":true,"href":"https:\/\/blogs.amarinha.gal\/ribadeando\/wp-json\/wp\/v2\/categories?post=2603"},{"taxonomy":"post_tag","embeddable":true,"href":"https:\/\/blogs.amarinha.gal\/ribadeando\/wp-json\/wp\/v2\/tags?post=2603"}],"curies":[{"name":"wp","href":"https:\/\/api.w.org\/{rel}","templated":true}]}}