{"id":25921,"date":"2025-10-22T20:17:29","date_gmt":"2025-10-22T18:17:29","guid":{"rendered":"https:\/\/blogs.amarinha.gal\/ribadeando\/?p=25921"},"modified":"2025-10-22T20:20:50","modified_gmt":"2025-10-22T18:20:50","slug":"desenvolvementos-negativos-e-positivos-pablo-mosquera","status":"publish","type":"post","link":"https:\/\/blogs.amarinha.gal\/ribadeando\/2025\/10\/22\/desenvolvementos-negativos-e-positivos-pablo-mosquera\/","title":{"rendered":"Desenvolvementos negativos e positivos. Pablo Mosquera"},"content":{"rendered":"\n<p class=\"has-text-align-center\">Desenvolvementos negativos e positivos<\/p>\n\n\n\n<figure class=\"wp-block-image size-large\"><img loading=\"lazy\" decoding=\"async\" width=\"1024\" height=\"640\" src=\"https:\/\/blogs.amarinha.gal\/ribadeando\/wp-content\/uploads\/sites\/4\/2025\/10\/Captura-de-pantalla-de-2025-10-22-20-19-42-1024x640.png\" alt=\"\" class=\"wp-image-25925\" srcset=\"https:\/\/blogs.amarinha.gal\/ribadeando\/wp-content\/uploads\/sites\/4\/2025\/10\/Captura-de-pantalla-de-2025-10-22-20-19-42-1024x640.png 1024w, https:\/\/blogs.amarinha.gal\/ribadeando\/wp-content\/uploads\/sites\/4\/2025\/10\/Captura-de-pantalla-de-2025-10-22-20-19-42-300x187.png 300w, https:\/\/blogs.amarinha.gal\/ribadeando\/wp-content\/uploads\/sites\/4\/2025\/10\/Captura-de-pantalla-de-2025-10-22-20-19-42-768x480.png 768w, https:\/\/blogs.amarinha.gal\/ribadeando\/wp-content\/uploads\/sites\/4\/2025\/10\/Captura-de-pantalla-de-2025-10-22-20-19-42.png 1250w\" sizes=\"auto, (max-width: 1024px) 100vw, 1024px\" \/><figcaption class=\"wp-element-caption\">Plano tomado de OpenStreetMap<\/figcaption><\/figure>\n\n\n\n<p class=\"has-text-align-left\">Sen d\u00fabida, canto m\u00e1is botamos a vista atr\u00e1s aos documentos debatidos no concello de Cervo al\u00e1 polo ano 1975, e a piques do cambio inminente coa chegada da f\u00e1brica de al\u00famina en 1980, m\u00e1is cabe destacar que exist\u00edan intenci\u00f3ns municipais de cambiar a capitalidade do concello de Cervo a Burela, ata tal punto que o documento presentado ao pleno municipal de Cervo daquela data polo veci\u00f1o Pl\u00e1cido M\u00f3n Garc\u00eda, lembrando a reiterada necesidade de constru\u00edr un novo terreo en Cervo para o CONCELLO, foi rexeitado por maior\u00eda absoluta por considerar que prev\u00edan que a nova edificaci\u00f3n tam\u00e9n implicase un cambio de localizaci\u00f3n, \u00e9 dicir, na parroquia de Santa Mar\u00eda de Burela.<\/p>\n\n\n\n<p class=\"has-text-align-left\">Nas mesmas datas e na acta do concello, outorgouse a autorizaci\u00f3n para constru\u00edr un paseo mar\u00edtimo e dique en San Cibr\u00e1n, de acordo co proxecto realizado polo enxe\u00f1eiro Prieto Fern\u00e1ndez da Xerencia de Obras P\u00fablicas de Lugo en 1974.<\/p>\n\n\n\n<p class=\"has-text-align-left\">Por estas datas, considerouse oportuna e conveniente a construci\u00f3n do proxecto que crear\u00e1 a CENTRAL NUCLEAR en terreos de Xove. Este proxecto alimentar\u00e1 un futuro parque industrial onde o consumo enerx\u00e9tico da f\u00e1brica de al\u00famina ser\u00e1 esencial. Este proxecto proporcionar\u00e1 un maior nivel de vida e renda per c\u00e1pita, cun crecemento econ\u00f3mico nunca antes acadado. Constatouse e rexistrouse na acta que a localizaci\u00f3n era axeitada, e s\u00f3 uns poucos afectados opux\u00e9ronse, mentres que o resto da poboaci\u00f3n a viu como moi favorable. Tam\u00e9n amosaron un agradecemento xeral por ter considerado Cervo dentro do impacto do chamado plan de expansi\u00f3n industrial, demostrando as\u00ed a s\u00faa incuestionable e completa colaboraci\u00f3n.<\/p>\n\n\n\n<p class=\"has-text-align-left\">Respecto ao anterior, incl\u00faese unha declaraci\u00f3n do Goberno Civil de Lugo, expresando a actitude positiva da poboaci\u00f3n cara \u00e1 instalaci\u00f3n da mencionada central nuclear en Regodela de XOVE. A iniciativa, dada a s\u00faa localizaci\u00f3n, consid\u00e9rase moi beneficiosa polo impacto que ter\u00e1 como fonte de enerx\u00eda el\u00e9ctrica para as futuras industrias. Salientan que, ata a data, non se rexistraron desacordos entre a poboaci\u00f3n das zonas que rodean o emprazamento.<\/p>\n\n\n\n<p>&#8220;Case 100 000 mill\u00f3ns de pesetas e empregos para d\u00faas mil persoas&#8221; foron as promesas feitas por Uni\u00f3n Fenosa, Electra del Viesgo e Hidroel\u00e9ctrica del Cant\u00e1brico cando, a finais de 1973, anunciaron a construci\u00f3n dunha central nuclear en Xove, en Regodela. Desenvolveuse un movemento de protesta veci\u00f1al que culminou o 10 de abril de 1977 cunha marcha desde Viveiro ata Xove.<\/p>\n\n\n\n<p>As actividades de Alcoa crearon unha lagoa de lodos vermellos resultado dos procesos qu\u00edmicos empregados para obter a al\u00famina. A lagoa de lodos vermellos de Alcoa tivo o seu primeiro plan de evacuaci\u00f3n en 2010, vinte anos despois de que comezase a actividade industrial da ent\u00f3n empresa Al\u00famina-Aluminio. A lagoa de lodos vermellos \u00e9 visible desde o aire coa s\u00faa cor ocre. Ao seu redor, ampliouse un terreo &#8220;pantalla&#8221; para evitar a posible escorrent\u00eda de lodos.<br>O conselleiro de Econom\u00eda e Industria, a trav\u00e9s da Direcci\u00f3n Xeral de Planificaci\u00f3n Enerx\u00e9tica e Minas, acaba de aprobar a autorizaci\u00f3n para a ampliaci\u00f3n da lagoa de lodos vermellos na planta de <a href=\"https:\/\/blogs.amarinha.gal\/ribadeando\/?s=Alcoa\">Alcoa<\/a> en San Cibrao, que aumentar\u00e1 a s\u00faa capacidade en catro metros m\u00e1is. S\u00f3 ou ata dez?<\/p>\n\n\n\n<p>A lagoa de lodos vermellos \u00e9 esencial para garantir a viabilidade futura da planta, xa que \u00e9 crucial contar cunha infraestrutura para a eliminaci\u00f3n dos residuos xerados durante o proceso industrial de produci\u00f3n de al\u00famina a partir de bauxita.<\/p>\n\n\n\n<p>Esta autorizaci\u00f3n cumpre o plan anunciado polo conselleiro de Econom\u00eda e Industria. C\u00f3mpre sinalar que este permiso ten unha declaraci\u00f3n de impacto ambiental favorable, respectando as\u00ed o proceso respectuoso co medio ambiente.<br>En calquera caso, o p\u00fablico debe ser informado, m\u00e1is al\u00e1 do Comit\u00e9 de Empresa, dos riscos e as medidas de seguridade, as\u00ed como do novo plan de evacuaci\u00f3n, como se fixo en 2010, hai 15 anos.<\/p>\n\n\n\n<p class=\"has-text-align-right\"><a href=\"https:\/\/blogs.amarinha.gal\/ribadeando\/tag\/pablo-mosquera\/\">Pablo Mosquera<\/a><\/p>\n","protected":false},"excerpt":{"rendered":"<p>Desenvolvementos negativos e positivos Sen d\u00fabida, canto m\u00e1is botamos a vista atr\u00e1s aos documentos debatidos no concello de Cervo al\u00e1 polo ano 1975, e a piques do cambio inminente coa chegada da f\u00e1brica de al\u00famina en 1980, m\u00e1is cabe destacar que exist\u00edan intenci\u00f3ns municipais de cambiar a capitalidade do concello de Cervo a Burela, ata [&hellip;]<\/p>\n","protected":false},"author":3,"featured_media":0,"comment_status":"open","ping_status":"open","sticky":false,"template":"","format":"standard","meta":{"activitypub_content_warning":"","activitypub_content_visibility":"","activitypub_max_image_attachments":3,"activitypub_interaction_policy_quote":"anyone","activitypub_status":"federated","footnotes":""},"categories":[173],"tags":[26,14],"class_list":["post-25921","post","type-post","status-publish","format-standard","hentry","category-pablo-mosquera","tag-medio","tag-pablo-mosquera"],"_links":{"self":[{"href":"https:\/\/blogs.amarinha.gal\/ribadeando\/wp-json\/wp\/v2\/posts\/25921","targetHints":{"allow":["GET"]}}],"collection":[{"href":"https:\/\/blogs.amarinha.gal\/ribadeando\/wp-json\/wp\/v2\/posts"}],"about":[{"href":"https:\/\/blogs.amarinha.gal\/ribadeando\/wp-json\/wp\/v2\/types\/post"}],"author":[{"embeddable":true,"href":"https:\/\/blogs.amarinha.gal\/ribadeando\/wp-json\/wp\/v2\/users\/3"}],"replies":[{"embeddable":true,"href":"https:\/\/blogs.amarinha.gal\/ribadeando\/wp-json\/wp\/v2\/comments?post=25921"}],"version-history":[{"count":2,"href":"https:\/\/blogs.amarinha.gal\/ribadeando\/wp-json\/wp\/v2\/posts\/25921\/revisions"}],"predecessor-version":[{"id":25926,"href":"https:\/\/blogs.amarinha.gal\/ribadeando\/wp-json\/wp\/v2\/posts\/25921\/revisions\/25926"}],"wp:attachment":[{"href":"https:\/\/blogs.amarinha.gal\/ribadeando\/wp-json\/wp\/v2\/media?parent=25921"}],"wp:term":[{"taxonomy":"category","embeddable":true,"href":"https:\/\/blogs.amarinha.gal\/ribadeando\/wp-json\/wp\/v2\/categories?post=25921"},{"taxonomy":"post_tag","embeddable":true,"href":"https:\/\/blogs.amarinha.gal\/ribadeando\/wp-json\/wp\/v2\/tags?post=25921"}],"curies":[{"name":"wp","href":"https:\/\/api.w.org\/{rel}","templated":true}]}}