{"id":25325,"date":"2025-08-10T08:06:00","date_gmt":"2025-08-10T06:06:00","guid":{"rendered":"https:\/\/blogs.amarinha.gal\/ribadeando\/?p=25325"},"modified":"2025-08-04T20:47:34","modified_gmt":"2025-08-04T18:47:34","slug":"ordenador-rapeiro-xose-carlos-rodriguez-ranon","status":"publish","type":"post","link":"https:\/\/blogs.amarinha.gal\/ribadeando\/2025\/08\/10\/ordenador-rapeiro-xose-carlos-rodriguez-ranon\/","title":{"rendered":"ORDENADOR RAPEIRO. Xos\u00e9 Carlos Rodr\u00edguez Ra\u00f1\u00f3n"},"content":{"rendered":"\n<p class=\"has-text-align-center\"><strong>ORDENADOR RAPEIRO<\/strong><\/p>\n\n\n\n<p class=\"has-text-align-center\"><strong><a href=\"https:\/\/blogs.amarinha.gal\/ribadeando\/search\/label\/Xos%C3%A9%20Carlos%20Rodr%C3%ADguez%20Ra%C3%B1%C3%B3n\"><em>Xos\u00e9 Carlos Rodr\u00edguez Ra\u00f1\u00f3n<\/em><\/a><\/strong><\/p>\n\n\n\n<figure class=\"wp-block-image size-large\"><img loading=\"lazy\" decoding=\"async\" width=\"1024\" height=\"846\" src=\"https:\/\/blogs.amarinha.gal\/ribadeando\/wp-content\/uploads\/sites\/4\/2025\/08\/Regueifa_en_Noia_entre_1890-1900-1024x846.jpg\" alt=\"\" class=\"wp-image-25340\" srcset=\"https:\/\/blogs.amarinha.gal\/ribadeando\/wp-content\/uploads\/sites\/4\/2025\/08\/Regueifa_en_Noia_entre_1890-1900-1024x846.jpg 1024w, https:\/\/blogs.amarinha.gal\/ribadeando\/wp-content\/uploads\/sites\/4\/2025\/08\/Regueifa_en_Noia_entre_1890-1900-300x248.jpg 300w, https:\/\/blogs.amarinha.gal\/ribadeando\/wp-content\/uploads\/sites\/4\/2025\/08\/Regueifa_en_Noia_entre_1890-1900-768x635.jpg 768w, https:\/\/blogs.amarinha.gal\/ribadeando\/wp-content\/uploads\/sites\/4\/2025\/08\/Regueifa_en_Noia_entre_1890-1900.jpg 1088w\" sizes=\"auto, (max-width: 1024px) 100vw, 1024px\" \/><figcaption class=\"wp-element-caption\">Regueifa en Noia (arredor de 1910). Imaxe no <a href=\"https:\/\/blogs.amarinha.gal\/ribadeando\/?s=Dominio+P%C3%BAblico\">Dominio P\u00fablico<\/a>, collida <a href=\"https:\/\/commons.wikimedia.org\/wiki\/File:Regueifa_en_Noia_entre_1890-1900.jpg\">de Wikimedia Commons<\/a>.<\/figcaption><\/figure>\n\n\n\n<p><em>Con el rapear\u00e1 en directo o cantante madrile\u00f1o Bnet, desafiando as\u00ed a intelixencia artificial, creada neste caso por un equipo de especialistas galegos afincados en Navarra e formado por directores de cinema, de fotograf\u00eda e por artistas en 3D. Alg\u00fans dos seus membros (que xa contan tam\u00e9n co seu duplo virtual para dar, por exemplo, conferencias e faladoiros) mesmo acadaron un Goya \u00e1 mellor curtametraxe de animaci\u00f3n, titulada Cafun\u00e9. O proxecto conta coa colaboraci\u00f3n de Telef\u00f3nica.<\/em><\/p>\n\n\n\n<p><em>Esta batalla de galos ou rap \u201cfree style\u201d (caracterizada pola rapidez e a agudeza verbais) poderase seguir polas redes sociais en tempo real. Para adestrar o seu xemelgo dixital, o rapeiro estivo rapeando con el durante varios meses sen parar. Ademais, empregou as s\u00faas propias canci\u00f3ns para retar a m\u00e1quina e, ao mesmo tempo, adestrala. Este estilo musical est\u00e1 moi de moda, desde hai xa alg\u00fans anos, na Am\u00e9rica hispana caribe\u00f1a e tam\u00e9n nos EEUU, x\u00e9nero no que triunfa o \u201cspanglish\u201d como elemento vehicular.<\/em><\/p>\n\n\n\n<p><em>En Corea do Sur e Xap\u00f3n xa hai tempo que os robots humanoides ou os hologramas te\u00f1en, entre outras, a profesi\u00f3n de cantantes, arrastrando milleiros de seareiros afervoados e convert\u00e9ndose en verdadeiros fen\u00f3menos de masas. Mesmo hai persoas (solitarias, mis\u00e1ntropas e non sei se moi equilibradas) que namoraron da s\u00faa parella virtual e decidiron formalizar a relaci\u00f3n at\u00e9 o punto de casar. Imaxino que ser\u00e1 algo semellante ao que poida acontecer co agarimo que alg\u00fans humanos lle poidan ter a unha mascota, ao seu coche ou a un obxecto cun forte valor econ\u00f3mico ou sentimental.<\/em><\/p>\n\n\n\n<p><em>Non obstante, case todo est\u00e1 xa inventado. De feito, na bisbarra de Berganti\u00f1os, por exemplo, est\u00e1 moi viva a\u00ednda a tradici\u00f3n da regueifa, ese di\u00e1logo desafiante cantado e retranqueiro entre dous contrincantes que se pelexan verbalmente como se turran, durante a \u201cberrea\u201d os cervos. Non soa tan moderno, mais \u00e9vos exactamente o mesmo.<\/em><\/p>\n\n\n\n<p><\/p>\n","protected":false},"excerpt":{"rendered":"<p>ORDENADOR RAPEIRO Xos\u00e9 Carlos Rodr\u00edguez Ra\u00f1\u00f3n Con el rapear\u00e1 en directo o cantante madrile\u00f1o Bnet, desafiando as\u00ed a intelixencia artificial, creada neste caso por un equipo de especialistas galegos afincados en Navarra e formado por directores de cinema, de fotograf\u00eda e por artistas en 3D. Alg\u00fans dos seus membros (que xa contan tam\u00e9n co seu [&hellip;]<\/p>\n","protected":false},"author":3,"featured_media":0,"comment_status":"open","ping_status":"open","sticky":false,"template":"","format":"standard","meta":{"activitypub_content_warning":"","activitypub_content_visibility":"","activitypub_max_image_attachments":3,"activitypub_interaction_policy_quote":"anyone","activitypub_status":"federated","footnotes":""},"categories":[168],"tags":[31],"class_list":["post-25325","post","type-post","status-publish","format-standard","hentry","category-xose-carlos-rodriguez-ranon","tag-xose-carlos-rodriguez-ranon"],"_links":{"self":[{"href":"https:\/\/blogs.amarinha.gal\/ribadeando\/wp-json\/wp\/v2\/posts\/25325","targetHints":{"allow":["GET"]}}],"collection":[{"href":"https:\/\/blogs.amarinha.gal\/ribadeando\/wp-json\/wp\/v2\/posts"}],"about":[{"href":"https:\/\/blogs.amarinha.gal\/ribadeando\/wp-json\/wp\/v2\/types\/post"}],"author":[{"embeddable":true,"href":"https:\/\/blogs.amarinha.gal\/ribadeando\/wp-json\/wp\/v2\/users\/3"}],"replies":[{"embeddable":true,"href":"https:\/\/blogs.amarinha.gal\/ribadeando\/wp-json\/wp\/v2\/comments?post=25325"}],"version-history":[{"count":3,"href":"https:\/\/blogs.amarinha.gal\/ribadeando\/wp-json\/wp\/v2\/posts\/25325\/revisions"}],"predecessor-version":[{"id":25343,"href":"https:\/\/blogs.amarinha.gal\/ribadeando\/wp-json\/wp\/v2\/posts\/25325\/revisions\/25343"}],"wp:attachment":[{"href":"https:\/\/blogs.amarinha.gal\/ribadeando\/wp-json\/wp\/v2\/media?parent=25325"}],"wp:term":[{"taxonomy":"category","embeddable":true,"href":"https:\/\/blogs.amarinha.gal\/ribadeando\/wp-json\/wp\/v2\/categories?post=25325"},{"taxonomy":"post_tag","embeddable":true,"href":"https:\/\/blogs.amarinha.gal\/ribadeando\/wp-json\/wp\/v2\/tags?post=25325"}],"curies":[{"name":"wp","href":"https:\/\/api.w.org\/{rel}","templated":true}]}}