{"id":25116,"date":"2025-07-07T11:34:49","date_gmt":"2025-07-07T09:34:49","guid":{"rendered":"https:\/\/blogs.amarinha.gal\/ribadeando\/?p=25116"},"modified":"2025-10-05T17:08:47","modified_gmt":"2025-10-05T15:08:47","slug":"a-paz-non-se-ve-pero-traballase-ii-as-pedras-de-gaza-de-eli-bouso","status":"publish","type":"post","link":"https:\/\/blogs.amarinha.gal\/ribadeando\/2025\/07\/07\/a-paz-non-se-ve-pero-traballase-ii-as-pedras-de-gaza-de-eli-bouso\/","title":{"rendered":"A paz non se ve, pero trab\u00e1llase (II): As pedras de Gaza, de Eli Bouso"},"content":{"rendered":"\n<figure class=\"wp-block-image size-full\"><img loading=\"lazy\" decoding=\"async\" width=\"690\" height=\"406\" src=\"https:\/\/blogs.amarinha.gal\/ribadeando\/wp-content\/uploads\/sites\/4\/2025\/07\/Eli-e-Marina-Garcia-Bouso.jpg\" alt=\"\" class=\"wp-image-25117\" srcset=\"https:\/\/blogs.amarinha.gal\/ribadeando\/wp-content\/uploads\/sites\/4\/2025\/07\/Eli-e-Marina-Garcia-Bouso.jpg 690w, https:\/\/blogs.amarinha.gal\/ribadeando\/wp-content\/uploads\/sites\/4\/2025\/07\/Eli-e-Marina-Garcia-Bouso-300x177.jpg 300w\" sizes=\"auto, (max-width: 690px) 100vw, 690px\" \/><\/figure>\n\n\n\n<p>Na entrada anterior, <a href=\"https:\/\/blogs.amarinha.gal\/ribadeando\/2025\/07\/06\/a-paz-non-se-ve-pero-traballase\/\">A paz non se ve, pero trab\u00e1llase<\/a>, e noutras a\u00ednda antes, dic\u00eda que hab\u00eda que traballar pola <a href=\"https:\/\/blogs.amarinha.gal\/ribadeando\/tag\/paz\/\">paz<\/a>, constru\u00edla, a\u00ednda que non se vira o traballo de xeito inmediato: \u00e9 un longo cami\u00f1o. E hai moitos xeitos de facelo. <\/p>\n\n\n\n<p>Aqu\u00ed deixo un particularmente expresivo, o v\u00eddeo de <a href=\"https:\/\/blogs.amarinha.gal\/ribadeando\/?s=Eli+Garc%C3%ADa+Bouso\">Eliseo Garc\u00eda Bouso<\/a>, Eli, e a s\u00faa filla <a href=\"https:\/\/www.maac.pt\/artista\/marina-garcia-bouso\">Mari\u00f1a<\/a> \u00f3 viol\u00edn, gravado  en lembranza do xenocidio que est\u00e1 a suceder en Gaza, &#8216;<a href=\"https:\/\/www.youtube.com\/watch?v=mLdJbsp3GSM\">As pedras de Gaza<\/a>&#8216;, do que se falou na concentraci\u00f3n pola paz deste domingo.<\/p>\n\n\n\n<figure class=\"wp-block-embed is-type-video is-provider-youtube wp-block-embed-youtube wp-embed-aspect-16-9 wp-has-aspect-ratio\"><div class=\"wp-block-embed__wrapper\">\n<iframe loading=\"lazy\" title=\"As pedras de Gaza\" width=\"500\" height=\"281\" src=\"https:\/\/www.youtube.com\/embed\/mLdJbsp3GSM?feature=oembed\" frameborder=\"0\" allow=\"accelerometer; autoplay; clipboard-write; encrypted-media; gyroscope; picture-in-picture; web-share\" referrerpolicy=\"strict-origin-when-cross-origin\" allowfullscreen><\/iframe>\n<\/div><\/figure>\n\n\n\n<p>Letra:<\/p>\n\n\n\n<p class=\"has-text-align-center\">Palestina libre<\/p>\n\n\n\n<p>M\u00e1is al\u00f3 do ceo azul, mas al\u00e1 do ancho mar, \/\/ vencer\u00e1 a liberdade, reinar\u00e1 la libertad. \/\/ M\u00e1is al\u00f3 do ceo azul, mas al\u00e1 do ancho mar, \/\/ Palestina ser\u00e1 libre, Palestina vencer\u00e1.<\/p>\n\n\n\n<p>Desde el r\u00edo hasta el mar, desde el campo a la ciudad, \/\/ vencer\u00e1 a liberdade, reinar\u00e1 la libertad. \/\/ Desde el r\u00edo hasta el mar, desde el campo a la ciudad, \/\/ Palestina ser\u00e1 libre, Palestina vencer\u00e1.<\/p>\n\n\n\n<p>Lucha siempre por el bien, lucha siempre contra el mal. \/\/ vencer\u00e1 a liberdade, reinar\u00e1 la libertad. \/\/ Contra o odio d\u00e1 amor, contra a guerra trae paz. \/\/ Palestina ser\u00e1 libre, Palestina vencer\u00e1.<\/p>\n\n\n\n<p>Libre Palestina, libre t\u00fa ser\u00e1s, \/\/ libre Palestina (libre), libre t\u00fa ser\u00e1s, \/\/ Palestina ser\u00e1 libre, Palestina vencer\u00e1. \/\/ Palestina ser\u00e1 libre, Palestina vencer\u00e1.<\/p>\n","protected":false},"excerpt":{"rendered":"<p>Na entrada anterior, A paz non se ve, pero trab\u00e1llase, e noutras a\u00ednda antes, dic\u00eda que hab\u00eda que traballar pola paz, constru\u00edla, a\u00ednda que non se vira o traballo de xeito inmediato: \u00e9 un longo cami\u00f1o. E hai moitos xeitos de facelo. Aqu\u00ed deixo un particularmente expresivo, o v\u00eddeo de Eliseo Garc\u00eda Bouso, Eli, e [&hellip;]<\/p>\n","protected":false},"author":3,"featured_media":0,"comment_status":"open","ping_status":"open","sticky":false,"template":"","format":"standard","meta":{"activitypub_content_warning":"","activitypub_content_visibility":"","activitypub_max_image_attachments":3,"activitypub_interaction_policy_quote":"anyone","activitypub_status":"federated","footnotes":""},"categories":[177],"tags":[17],"class_list":["post-25116","post","type-post","status-publish","format-standard","hentry","category-paz","tag-paz"],"_links":{"self":[{"href":"https:\/\/blogs.amarinha.gal\/ribadeando\/wp-json\/wp\/v2\/posts\/25116","targetHints":{"allow":["GET"]}}],"collection":[{"href":"https:\/\/blogs.amarinha.gal\/ribadeando\/wp-json\/wp\/v2\/posts"}],"about":[{"href":"https:\/\/blogs.amarinha.gal\/ribadeando\/wp-json\/wp\/v2\/types\/post"}],"author":[{"embeddable":true,"href":"https:\/\/blogs.amarinha.gal\/ribadeando\/wp-json\/wp\/v2\/users\/3"}],"replies":[{"embeddable":true,"href":"https:\/\/blogs.amarinha.gal\/ribadeando\/wp-json\/wp\/v2\/comments?post=25116"}],"version-history":[{"count":3,"href":"https:\/\/blogs.amarinha.gal\/ribadeando\/wp-json\/wp\/v2\/posts\/25116\/revisions"}],"predecessor-version":[{"id":25693,"href":"https:\/\/blogs.amarinha.gal\/ribadeando\/wp-json\/wp\/v2\/posts\/25116\/revisions\/25693"}],"wp:attachment":[{"href":"https:\/\/blogs.amarinha.gal\/ribadeando\/wp-json\/wp\/v2\/media?parent=25116"}],"wp:term":[{"taxonomy":"category","embeddable":true,"href":"https:\/\/blogs.amarinha.gal\/ribadeando\/wp-json\/wp\/v2\/categories?post=25116"},{"taxonomy":"post_tag","embeddable":true,"href":"https:\/\/blogs.amarinha.gal\/ribadeando\/wp-json\/wp\/v2\/tags?post=25116"}],"curies":[{"name":"wp","href":"https:\/\/api.w.org\/{rel}","templated":true}]}}