{"id":25103,"date":"2025-07-13T08:20:00","date_gmt":"2025-07-13T06:20:00","guid":{"rendered":"https:\/\/blogs.amarinha.gal\/ribadeando\/?p=25103"},"modified":"2025-07-06T17:38:33","modified_gmt":"2025-07-06T15:38:33","slug":"habemus-museum-xose-carlos-rodriguez-ranon","status":"publish","type":"post","link":"https:\/\/blogs.amarinha.gal\/ribadeando\/2025\/07\/13\/habemus-museum-xose-carlos-rodriguez-ranon\/","title":{"rendered":"HABEMUS MUSEUM. Xos\u00e9 Carlos Rodr\u00edguez Ra\u00f1\u00f3n"},"content":{"rendered":"\n<p class=\"has-text-align-center\"><strong>HABEMUS MUSEUM<\/strong><\/p>\n\n\n\n<p class=\"has-text-align-center\"><strong><a href=\"https:\/\/blogs.amarinha.gal\/ribadeando\/search\/label\/Xos%C3%A9%20Carlos%20Rodr%C3%ADguez%20Ra%C3%B1%C3%B3n\">Xos\u00e9 Carlos Rodr\u00edguez Ra\u00f1\u00f3n<\/a><\/strong><\/p>\n\n\n\n<p>A\u00ednda que semelle incr\u00edbel, Ferrol (Ferroli\u00f1o, como o chaman agarimosamente os seus habitantes) non pos\u00fae un museo de seu. \u00c9 a \u00fanica cidade galega con esta eiva. A partir de agora, unha asociaci\u00f3n creada \u201cad hoc\u201d (presidida por <a href=\"https:\/\/gl.wikipedia.org\/wiki\/Nona_In%C3%A9s_Vilari%C3%B1o\">Nona In\u00e9s Vilari\u00f1o<\/a>, colaboradora de Adolfo Su\u00e1rez durante a Transici\u00f3n, deputada nas cortes constitu\u00edntes despois da ditadura e testemu\u00f1a do intento de golpe de estado o 23F de 1981) e diferentes administraci\u00f3ns e instituci\u00f3ns intentar\u00e1n rematar con esta anomal\u00eda hist\u00f3rica.<\/p>\n\n\n\n<figure class=\"wp-block-image size-full\"><img loading=\"lazy\" decoding=\"async\" width=\"722\" height=\"652\" src=\"https:\/\/blogs.amarinha.gal\/ribadeando\/wp-content\/uploads\/sites\/4\/2025\/07\/Captura-de-pantalla-de-2025-07-06-17-36-50.png\" alt=\"\" class=\"wp-image-25104\" srcset=\"https:\/\/blogs.amarinha.gal\/ribadeando\/wp-content\/uploads\/sites\/4\/2025\/07\/Captura-de-pantalla-de-2025-07-06-17-36-50.png 722w, https:\/\/blogs.amarinha.gal\/ribadeando\/wp-content\/uploads\/sites\/4\/2025\/07\/Captura-de-pantalla-de-2025-07-06-17-36-50-300x271.png 300w\" sizes=\"auto, (max-width: 722px) 100vw, 722px\" \/><figcaption class=\"wp-element-caption\">Edificio onde se pretende o museo ferrol\u00e1n.<\/figcaption><\/figure>\n\n\n\n<p>A s\u00faa s\u00e9 estar\u00e1 no <a href=\"https:\/\/www.openstreetmap.org\/search?query=Centro+Torrente+Ballester&amp;zoom=19&amp;minlon=-7.043322622776032&amp;minlat=43.5367719071164&amp;maxlon=-7.039460241794587&amp;maxlat=43.538068821530004#map=19\/43.485135\/-8.235695\">antigo Hospital da Caridade<\/a>, un edificio do s\u00e9culo XVIII (tan importante na Ilustraci\u00f3n ferrol\u00e1) que actualmente alberga tam\u00e9n o Centro <a href=\"https:\/\/gl.wikipedia.org\/wiki\/Gonzalo_Torrente_Ballester\">Torrente Ballester<\/a>, o novelista ferrol\u00e1n (da parroquia de Esteiro) de m\u00e1is sona internacional.<\/p>\n\n\n\n<p>O futuro museo contar\u00e1 con obras pict\u00f3ricas de Sotomayor e P\u00e9rez Villaamil e o acto de presentaci\u00f3n do proxecto tivo lugar no hotel Almirante, por cuxo caf\u00e9 pasaron persoeiros como Saramago, Cela, Ana Mar\u00eda Matute, Cunqueiro, Carlos Casares, Alberti, D\u00e1maso Alonso ou o propio Torrente, afeccionado tam\u00e9n nos seus anos de profesor universitario en Salamanca ao hist\u00f3rico caf\u00e9 Novelty, situado baixo os arcos da s\u00faa plateresca Praza Maior e que tanto frecuentou Unamuno na s\u00faa \u00e9poca de reitor.<\/p>\n\n\n\n<p>Esta iniciativa altruista vai dirixida a toda a cidadan\u00eda, \u00e1 que se lle pide colaboraci\u00f3n para que doen ou depositen todos aqueles obxectos ou documentos antigos que o poidan encher de contido. Unha secci\u00f3n especial estar\u00e1 adicada \u00e1s <a href=\"https:\/\/gl.wikipedia.org\/wiki\/Sillobre,_Fene\">lavandeiras de Sillobre<\/a> (en Fene), esas que durante d\u00e9cadas cruzaron a r\u00eda m\u00e1is fortificada (xeol\u00f3xica e militarmente) da pen\u00ednsula e onde, para o escritor italiano Antonio Tabucchi, comezaba xeograficamente Europa, coa finalidade de lles levar \u00e1s clases acomodadas da cidade a s\u00faa roupa branca posta a remollo no r\u00edo Saa e ao clarexo nas abas do monte Marrax\u00f3n.<\/p>\n","protected":false},"excerpt":{"rendered":"<p>HABEMUS MUSEUM Xos\u00e9 Carlos Rodr\u00edguez Ra\u00f1\u00f3n A\u00ednda que semelle incr\u00edbel, Ferrol (Ferroli\u00f1o, como o chaman agarimosamente os seus habitantes) non pos\u00fae un museo de seu. \u00c9 a \u00fanica cidade galega con esta eiva. A partir de agora, unha asociaci\u00f3n creada \u201cad hoc\u201d (presidida por Nona In\u00e9s Vilari\u00f1o, colaboradora de Adolfo Su\u00e1rez durante a Transici\u00f3n, deputada [&hellip;]<\/p>\n","protected":false},"author":3,"featured_media":0,"comment_status":"open","ping_status":"open","sticky":false,"template":"","format":"standard","meta":{"activitypub_content_warning":"","activitypub_content_visibility":"","activitypub_max_image_attachments":3,"activitypub_interaction_policy_quote":"anyone","activitypub_status":"federated","footnotes":""},"categories":[168],"tags":[10,31],"class_list":["post-25103","post","type-post","status-publish","format-standard","hentry","category-xose-carlos-rodriguez-ranon","tag-cultura","tag-xose-carlos-rodriguez-ranon"],"_links":{"self":[{"href":"https:\/\/blogs.amarinha.gal\/ribadeando\/wp-json\/wp\/v2\/posts\/25103","targetHints":{"allow":["GET"]}}],"collection":[{"href":"https:\/\/blogs.amarinha.gal\/ribadeando\/wp-json\/wp\/v2\/posts"}],"about":[{"href":"https:\/\/blogs.amarinha.gal\/ribadeando\/wp-json\/wp\/v2\/types\/post"}],"author":[{"embeddable":true,"href":"https:\/\/blogs.amarinha.gal\/ribadeando\/wp-json\/wp\/v2\/users\/3"}],"replies":[{"embeddable":true,"href":"https:\/\/blogs.amarinha.gal\/ribadeando\/wp-json\/wp\/v2\/comments?post=25103"}],"version-history":[{"count":1,"href":"https:\/\/blogs.amarinha.gal\/ribadeando\/wp-json\/wp\/v2\/posts\/25103\/revisions"}],"predecessor-version":[{"id":25105,"href":"https:\/\/blogs.amarinha.gal\/ribadeando\/wp-json\/wp\/v2\/posts\/25103\/revisions\/25105"}],"wp:attachment":[{"href":"https:\/\/blogs.amarinha.gal\/ribadeando\/wp-json\/wp\/v2\/media?parent=25103"}],"wp:term":[{"taxonomy":"category","embeddable":true,"href":"https:\/\/blogs.amarinha.gal\/ribadeando\/wp-json\/wp\/v2\/categories?post=25103"},{"taxonomy":"post_tag","embeddable":true,"href":"https:\/\/blogs.amarinha.gal\/ribadeando\/wp-json\/wp\/v2\/tags?post=25103"}],"curies":[{"name":"wp","href":"https:\/\/api.w.org\/{rel}","templated":true}]}}